{"id":392,"date":"2015-05-25T15:11:30","date_gmt":"2015-05-25T15:11:30","guid":{"rendered":"http:\/\/leavicens.com\/?p=392"},"modified":"2015-06-09T07:55:00","modified_gmt":"2015-06-09T07:55:00","slug":"puerta-de-los-consules-de-nimes-para-lea-vicens","status":"publish","type":"post","link":"https:\/\/leavicens.com\/fr_FR\/puerta-de-los-consules-de-nimes-para-lea-vicens\/","title":{"rendered":"Puerta de los C\u00f3nsules de Nimes para Lea Vicens"},"content":{"rendered":"<p>\u00a1Primera Puerta de los C\u00f3nsules!<br \/>\nHace un par de a\u00f1os que L\u00e9a Vicens se present\u00f3 en la plaza de su ciudad natal, N\u00eemes, donde el p\u00fablico pudo ver que en ella ten\u00edan una rejoneadora con un ilusionante futuro. Pues bien, el lunes 25 de mayo, en su tercera presentaci\u00f3n en las Arenas, la nime\u00f1a ratific\u00f3 esa ilusi\u00f3n del p\u00fablico de la manera m\u00e1s s\u00f3lida posible, con su primera Puerta de los C\u00f3nsules, y sobre todo, con una de sus actuaciones m\u00e1s rotundas. Y no s\u00f3lo por la elegancia y calidad de su equitaci\u00f3n, sino por lo realizado ante un lote que la puso a prueba toda la tarde y la manera de responder a su compromiso con la \u00e9lite de su escalaf\u00f3n.<br \/>\nYa sorprendi\u00f3 por su capacidad ante el tercero, un toro manso y distra\u00eddo, que encontr\u00f3 en las tablas su querencia y ante el que todo lo tuvo que hacer la amazona. S\u00f3lo un rej\u00f3n de castigo en buen sitio bast\u00f3 para que, con \u201cBach\u201d, descubriera el poco celo del toro, por lo que el valor y el sitio de \u201cB\u00e9tico\u201d era necesario para provocar en la cercan\u00eda y sacar al toro de los tableros. Las batidas tuvieron verdad, porque el binomio lleg\u00f3 muy de frente, asumi\u00f3 riesgos y lidi\u00f3 con perfecci\u00f3n. Los palos cayeron con reuni\u00f3n tambi\u00e9n con \u201cDesaf\u00edo\u201d, con el que volvi\u00f3 a llegar de frente hasta la propia cara, con lentitud y vistosidad, como en esas posadas previas al cite, para luego salir redondo de las suertes. Las cortas, sobre \u201cJazm\u00edn\u201d, terminaron de poner al p\u00fablico a su favor, pues la faena tuvo el m\u00e9rito del esfuerzo y de hacerlo todo a favor de un toro que no sirvi\u00f3 para el caballo, por eso a pesar de tener que usar el descabello despu\u00e9s de dejar un rej\u00f3n a lomos de \u201cEspont\u00e1neo\u201d la oreja cay\u00f3 por su propio peso.<br \/>\nLa prueba de la capacidad estaba superada, pero todav\u00eda le quedaba la de la raza, tanto por no dejarse ganar la pelea de sus compa\u00f1eros, como la de superar el percance que sufri\u00f3 ante el sexto. Fue sobre \u201cBazuka\u201d, un caballo que hac\u00eda su debut con los cuatre\u00f1os y del que Vicens cay\u00f3 a la arena para ser arrollada por el toro sin mayores consecuencias. Se repuso L\u00e9a sin perder los nervios ni el norte de su labor. Antes de la ca\u00edda, la francesa apost\u00f3 dej\u00e1ndose crudo a un toro bravo, con codicia, transmisi\u00f3n y mucho ritmo, al que cambi\u00f3 con apenas un rej\u00f3n de castigo, despu\u00e9s de pararle con precisi\u00f3n y emoci\u00f3n sobre \u201cBach\u201d. Inicialmente el toro se distrajo, pero el trabajo de \u201cB\u00e9tico\u201d fue brillante, pues se encarg\u00f3 de encelar al bravo, primero aguantando las fuertes acometidas y despu\u00e9s templando y estirando los galopes de costado, con los pitones muy cerca de la barriga hasta dar una vuelta completa al ruedo entre el clamor del p\u00fablico. Tanto con \u201cB\u00e9tico\u201d como con el quiebro sobre \u201cGacela\u201d las banderillas quedaron arriba y entonces fue el debut de \u201cBazuka\u201d, que tras el percance, realiz\u00f3 un bonito Piaff\u00e9 de adorno en los cercanos cites, para despu\u00e9s conseguir unos embroques limpios y emocionantes. La faena tuvo cotas alt\u00edsimas de toreo y equitaci\u00f3n, por eso el pinchazo previo al certero rejonazo con \u201cEspont\u00e1neo\u201d no demerit\u00f3 para nada los m\u00e1ximos trofeos, con los que L\u00e9a conquist\u00f3 su primera Puerta de los C\u00f3nsules con total merecimiento.<br \/>\nOtros caballos desplazados: \u201cGuitarra\u201d.<br \/>\nFICHA DEL FESTEJO<br \/>\nLunes 25 de mayo.<br \/>\nPlaza de toros de N\u00eemes. Matinal. Sexta de feria, lleno en ma\u00f1ana calurosa.<br \/>\n6 Toros de Ferm\u00edn Boh\u00f3rquez, de buena presencia y manso comportamiento en t\u00e9rminos generales, a excepci\u00f3n del 5\u00ba, que fue premiado con la vuelta al ruedo.<br \/>\nAndy Cartagena: Silencio y dos orejas.<br \/>\nDiego Ventura: Dos orejas y dos orejas y rabo. Sali\u00f3 a hombros por la Puerta de los C\u00f3nsules.<br \/>\nL\u00e9a Vicens: Oreja y dos orejas. Sali\u00f3 a hombros por la Puerta de los C\u00f3nsules.<\/p>\n","protected":false},"excerpt":{"rendered":"<p>\u00a1Primera Puerta de los C\u00f3nsules! Hace un par de a\u00f1os que L\u00e9a Vicens se present\u00f3 en la plaza de su&#8230;<\/p>\n","protected":false},"author":3,"featured_media":396,"comment_status":"open","ping_status":"open","sticky":true,"template":"","format":"standard","meta":[],"categories":[25,20],"tags":[53,23,56,55,54],"_links":{"self":[{"href":"https:\/\/leavicens.com\/fr_FR\/wp-json\/wp\/v2\/posts\/392"}],"collection":[{"href":"https:\/\/leavicens.com\/fr_FR\/wp-json\/wp\/v2\/posts"}],"about":[{"href":"https:\/\/leavicens.com\/fr_FR\/wp-json\/wp\/v2\/types\/post"}],"author":[{"embeddable":true,"href":"https:\/\/leavicens.com\/fr_FR\/wp-json\/wp\/v2\/users\/3"}],"replies":[{"embeddable":true,"href":"https:\/\/leavicens.com\/fr_FR\/wp-json\/wp\/v2\/comments?post=392"}],"version-history":[{"count":2,"href":"https:\/\/leavicens.com\/fr_FR\/wp-json\/wp\/v2\/posts\/392\/revisions"}],"predecessor-version":[{"id":406,"href":"https:\/\/leavicens.com\/fr_FR\/wp-json\/wp\/v2\/posts\/392\/revisions\/406"}],"wp:featuredmedia":[{"embeddable":true,"href":"https:\/\/leavicens.com\/fr_FR\/wp-json\/wp\/v2\/media\/396"}],"wp:attachment":[{"href":"https:\/\/leavicens.com\/fr_FR\/wp-json\/wp\/v2\/media?parent=392"}],"wp:term":[{"taxonomy":"category","embeddable":true,"href":"https:\/\/leavicens.com\/fr_FR\/wp-json\/wp\/v2\/categories?post=392"},{"taxonomy":"post_tag","embeddable":true,"href":"https:\/\/leavicens.com\/fr_FR\/wp-json\/wp\/v2\/tags?post=392"}],"curies":[{"name":"wp","href":"https:\/\/api.w.org\/{rel}","templated":true}]}}