{"id":3924,"date":"2018-08-02T12:54:56","date_gmt":"2018-08-02T10:54:56","guid":{"rendered":"http:\/\/leavicens.com\/?p=3924"},"modified":"2018-08-02T12:55:11","modified_gmt":"2018-08-02T10:55:11","slug":"lea-vicens-toreara-en-la-feria-de-la-vendimia-de-nimes","status":"publish","type":"post","link":"https:\/\/leavicens.com\/fr_FR\/lea-vicens-toreara-en-la-feria-de-la-vendimia-de-nimes\/","title":{"rendered":"L\u00c9A VICENS, TOREAR\u00c1 EN LA FERIA DE LA VENDIMIA DE NIMES"},"content":{"rendered":"<p style=\"text-align: justify;\"><strong>L\u00e9a Vicens,<\/strong> torear\u00e1 en una <strong>\u2018Gran Mixta de Figuras\u2019<\/strong> en la pr\u00f3xima <strong>Feria de la Vendimia de Nimes<\/strong>, que estar\u00e1 compuesta por <strong>cuatro corridas de toros y una novillada con picadores a celebrarse entre el 14 y el 16 de septiembre.<\/strong><\/p>\n<p style=\"text-align: justify;\">Las combinaciones son las siguientes:<\/p>\n<p style=\"text-align: justify;\">14 de septiembre. Novillos de diferentes ganader\u00edas francesas para Adrien Salenc, Diego San Rom\u00e1n y El Rafi.<\/p>\n<p style=\"text-align: justify;\">15 de septiembre. Matinal. Tres toros de Garcigrande y Domingo Hern\u00e1ndez y tres de Victoriano del R\u00edo para Enrique Ponce, El Juli y To\u00f1ete, que tomar\u00e1 la alternativa.<\/p>\n<p style=\"text-align: justify;\">15 de septiembre. Toros de Virgen Mar\u00eda para Paco Ure\u00f1a, Joselito Adame y Gin\u00e9s Mar\u00edn.<\/p>\n<ul style=\"text-align: justify;\">\n<li><span style=\"text-decoration: underline;\"><strong><em>Domingo 16 de septiembre<\/em><\/strong><em>. <strong>(Matinal 12:00 horas)<\/strong><\/em><\/span><\/li>\n<\/ul>\n<p style=\"text-align: justify;\"><strong><em>Dos toros de<\/em><\/strong><em> <strong>\u2018El Capea\u2019<\/strong>, <strong>para rejones, y cuatro de<\/strong> <strong>\u2018N\u00fa\u00f1ez del Cuvillo\u2019 para Lea Vicens, Juan Bautista<\/strong> y <strong>Sebasti\u00e1n Castella<\/strong>.<\/em><\/p>\n<p style=\"text-align: justify;\">16 de septiembre. Toros de Victorino Mart\u00edn para Octavio Chac\u00f3n, que confirmar\u00e1 alternativa, Emilio de Justo, que confirmar\u00e1 alternativa y Pepe Moral, que confirmar\u00e1 alternativa.<\/p>\n","protected":false},"excerpt":{"rendered":"<p>L\u00e9a Vicens, torear\u00e1 en una \u2018Gran Mixta de Figuras\u2019 en la pr\u00f3xima Feria de la Vendimia de Nimes, que estar\u00e1&#8230;<\/p>\n","protected":false},"author":4,"featured_media":2142,"comment_status":"open","ping_status":"open","sticky":true,"template":"","format":"standard","meta":[],"categories":[20,1],"tags":[],"_links":{"self":[{"href":"https:\/\/leavicens.com\/fr_FR\/wp-json\/wp\/v2\/posts\/3924"}],"collection":[{"href":"https:\/\/leavicens.com\/fr_FR\/wp-json\/wp\/v2\/posts"}],"about":[{"href":"https:\/\/leavicens.com\/fr_FR\/wp-json\/wp\/v2\/types\/post"}],"author":[{"embeddable":true,"href":"https:\/\/leavicens.com\/fr_FR\/wp-json\/wp\/v2\/users\/4"}],"replies":[{"embeddable":true,"href":"https:\/\/leavicens.com\/fr_FR\/wp-json\/wp\/v2\/comments?post=3924"}],"version-history":[{"count":1,"href":"https:\/\/leavicens.com\/fr_FR\/wp-json\/wp\/v2\/posts\/3924\/revisions"}],"predecessor-version":[{"id":3925,"href":"https:\/\/leavicens.com\/fr_FR\/wp-json\/wp\/v2\/posts\/3924\/revisions\/3925"}],"wp:featuredmedia":[{"embeddable":true,"href":"https:\/\/leavicens.com\/fr_FR\/wp-json\/wp\/v2\/media\/2142"}],"wp:attachment":[{"href":"https:\/\/leavicens.com\/fr_FR\/wp-json\/wp\/v2\/media?parent=3924"}],"wp:term":[{"taxonomy":"category","embeddable":true,"href":"https:\/\/leavicens.com\/fr_FR\/wp-json\/wp\/v2\/categories?post=3924"},{"taxonomy":"post_tag","embeddable":true,"href":"https:\/\/leavicens.com\/fr_FR\/wp-json\/wp\/v2\/tags?post=3924"}],"curies":[{"name":"wp","href":"https:\/\/api.w.org\/{rel}","templated":true}]}}