{"id":3933,"date":"2018-08-05T23:10:31","date_gmt":"2018-08-05T21:10:31","guid":{"rendered":"http:\/\/leavicens.com\/?p=3933"},"modified":"2018-08-06T14:11:27","modified_gmt":"2018-08-06T12:11:27","slug":"lea-vicens-magistral-exhibicion-en-fuengirola-con-cuatro-orejas-y-un-rabo","status":"publish","type":"post","link":"https:\/\/leavicens.com\/fr_FR\/lea-vicens-magistral-exhibicion-en-fuengirola-con-cuatro-orejas-y-un-rabo\/","title":{"rendered":"L\u00c9A VICENS, MAGISTRAL EXHIBICI\u00d3N EN FUENGIROLA CON CUATRO OREJAS Y UN RABO"},"content":{"rendered":"<p>&nbsp;<\/p>\n<p><img loading=\"lazy\" class=\"size-medium wp-image-3938 alignleft\" src=\"http:\/\/leavicens.com\/lvicens\/wp-content\/uploads\/2018\/08\/1-300x200.jpg\" alt=\"\" width=\"300\" height=\"200\" \/><a href=\"http:\/\/leavicens.com\/lvicens\/wp-content\/uploads\/2018\/08\/9.jpg\"><img loading=\"lazy\" class=\"size-medium wp-image-3939 alignright\" src=\"http:\/\/leavicens.com\/lvicens\/wp-content\/uploads\/2018\/08\/9-300x200.jpg\" alt=\"\" width=\"300\" height=\"200\" \/><\/a><\/p>\n<p>&nbsp;<\/p>\n<p>&nbsp;<\/p>\n<p>&nbsp;<\/p>\n<p>&nbsp;<\/p>\n<p>&nbsp;<\/p>\n<p><img loading=\"lazy\" class=\"alignnone size-medium wp-image-3942\" src=\"http:\/\/leavicens.com\/lvicens\/wp-content\/uploads\/2018\/08\/6-300x200.jpg\" alt=\"\" width=\"300\" height=\"200\" \/><img loading=\"lazy\" class=\"size-medium wp-image-3943 alignright\" src=\"http:\/\/leavicens.com\/lvicens\/wp-content\/uploads\/2018\/08\/7-300x200.jpg\" alt=\"\" width=\"300\" height=\"200\" \/><\/p>\n<p>&nbsp;<\/p>\n<p style=\"text-align: justify;\"><em><strong>\u00abL\u00e9a Vicens, \u2018La Revoluci\u00f3n francesa\u2019 \u00a0pase\u00f3 cuatro orejas y un rabo en una tarde hist\u00f3rica en Fuengirola. Inolvidable las faenas de L\u00e9a Vicens que volvi\u00f3 a demostrar el porqu\u00e9 de su contundente \u2018liderato\u2019 en el escalaf\u00f3n\u00bb.<\/strong><\/em><\/p>\n<p style=\"text-align: justify;\">Mucho calor y ambiente en los tendidos para este interesante festejo que para nada defraud\u00f3 a los espectadores y a lo que contribuy\u00f3 adem\u00e1s del buen rejoneo, el <strong>notable juego de los astados de Prieto de Cal.<\/strong><\/p>\n<p style=\"text-align: justify;\"><strong>L\u00e9a<\/strong>\u00a0<strong>Vicens<\/strong> ha toreado en largo, siempre de frente, dejando llegar mucho a sus toros y acompas\u00e1ndolos en su galope. Una tarde donde pronto surgi\u00f3 la <strong>magia entre la Nime\u00f1a y el respetable. L\u00e9a Vicens ofreci\u00f3 una c\u00e1tedra de temple y torer\u00eda y de esa majestuosidad que da a su toreo.<\/strong><\/p>\n<p style=\"text-align: justify;\">Tore\u00f3 con el pecho en los embroques, con galopes de costado enormes, con remates por los adentros, con un precioso ritmo, con torer\u00eda a raudales, con una elegancia arrebatadora y una impecable doma. Dej\u00f3 banderillas atacando de lejos, coloc\u00e1ndose cerca y abordando en parado. Lidi\u00f3 en redondo con el pecho, mirando a los toros a los ojos y dio muestras de una agilidad felina.\u00a0<strong>En definitiva, un verdadero alboroto el que form\u00f3 L\u00e9a Vicens, que cuaj\u00f3 una magistral exhibici\u00f3n, en una nueva tarde maestra de la francesa.<\/strong><\/p>\n<p>&nbsp;<\/p>\n<p style=\"text-align: center;\"><em><strong>\u00abEl rejoneo abre la Puerta Grande en Fuengirola\u00bb<\/strong><\/em><\/p>\n<p style=\"text-align: justify;\">Tarde de bochorno estival qu\u00e9 no ha impedido disfrutar de una buena tarde de rejones en la localidad malague\u00f1a. Atractivo cartel con un ganado que si, a priori , no estamos acostumbrados a ver con rejones (el de Prieto de la Cal), ha resultado diverso a la par que interesante y c\u00f3mo dice el viejo dicho \u201cha habido de todo c\u00f3mo en botica\u201d.<\/p>\n<p style=\"text-align: justify;\"><strong>L\u00c9A VICENS: l<\/strong>a gala se ha encontrado sin duda, con el lote m\u00e1s complicado de la tarde, en su primero (segundo de la tarde) sali\u00f3 un ejemplar de nulas opciones, pero este hecho no impidi\u00f3 ver lo mejor de Vicens, dando claras muestras de la magn\u00edfica temporada que est\u00e1 llevando a cabo, se ha mostrado contundente y tenaz, rascando d\u00f3nde no hab\u00eda nada y logrando cerrar una muy complicada faena, excelente labor que le ha valido las dos orejas.<\/p>\n<p style=\"text-align: justify;\">En su segundo de nuevo un ejemplar sopor\u00edfero y parado a nivel de los estatuarios del toreo a pie, pero el muy hacer de L\u00e9a Vicens cargada de una extraordinaria tenacidad, constancia y temple han arrancado faena cargada de clase y elegancia de las mism\u00edsimas entra\u00f1as del morlaco, esta faena le ha valido a la de Nimes las dos orejas y el rabo.<\/p>\n<p><em><strong><span style=\"text-decoration: underline;\">Burladero.tv:<\/span><\/strong>\u00a0https:\/\/www.burladero.tv\/festejos\/2018\/8\/5\/el-rejoneo-abre-la-puerta-grande-de-fuengirola-355.html<\/em><\/p>\n<p>&nbsp;<\/p>\n<p style=\"text-align: justify;\"><strong><em><u>FICHA DEL FESTEJO<\/u><\/em><\/strong><\/p>\n<p style=\"text-align: justify;\">Domingo 05 de agosto de 2018<\/p>\n<p style=\"text-align: justify;\">Fuengirola (M\u00e1laga)<\/p>\n<p style=\"text-align: justify;\">Reses de Tom\u00e1s Prieto de la Cal.<\/p>\n<p style=\"text-align: justify;\">Ferm\u00edn Boh\u00f3rquez; Oreja y Dos orejas.<\/p>\n<p style=\"text-align: justify;\"><strong>Lea Vicens;<\/strong> Dos orejas y Dos orejas y rabo.<\/p>\n<p style=\"text-align: justify;\">Pablo Domecq; Saludos y Dos orejas.<\/p>\n<p><em><span style=\"text-decoration: underline;\">Foto Interior:<\/span> Burladero.tv \/\u00a0Mika Zarcas<\/em><\/p>\n","protected":false},"excerpt":{"rendered":"<p><img loading=\"lazy\" class=\"size-medium wp-image-3934 aligncenter\" src=\"http:\/\/leavicens.com\/lvicens\/wp-content\/uploads\/2018\/08\/Lea-Fuengirola-2-300x169.jpg\" alt=\"\" width=\"300\" height=\"169\" \/><\/p>\n<p style=\"text-align: justify;\"><em><strong>L\u00e9a Vicens, \u2018La Revoluci\u00f3n f&#8230;<\/p>\n","protected":false},"author":4,"featured_media":3935,"comment_status":"open","ping_status":"open","sticky":true,"template":"","format":"standard","meta":[],"categories":[20,1],"tags":[],"_links":{"self":[{"href":"https:\/\/leavicens.com\/fr_FR\/wp-json\/wp\/v2\/posts\/3933"}],"collection":[{"href":"https:\/\/leavicens.com\/fr_FR\/wp-json\/wp\/v2\/posts"}],"about":[{"href":"https:\/\/leavicens.com\/fr_FR\/wp-json\/wp\/v2\/types\/post"}],"author":[{"embeddable":true,"href":"https:\/\/leavicens.com\/fr_FR\/wp-json\/wp\/v2\/users\/4"}],"replies":[{"embeddable":true,"href":"https:\/\/leavicens.com\/fr_FR\/wp-json\/wp\/v2\/comments?post=3933"}],"version-history":[{"count":3,"href":"https:\/\/leavicens.com\/fr_FR\/wp-json\/wp\/v2\/posts\/3933\/revisions"}],"predecessor-version":[{"id":3946,"href":"https:\/\/leavicens.com\/fr_FR\/wp-json\/wp\/v2\/posts\/3933\/revisions\/3946"}],"wp:featuredmedia":[{"embeddable":true,"href":"https:\/\/leavicens.com\/fr_FR\/wp-json\/wp\/v2\/media\/3935"}],"wp:attachment":[{"href":"https:\/\/leavicens.com\/fr_FR\/wp-json\/wp\/v2\/media?parent=3933"}],"wp:term":[{"taxonomy":"category","embeddable":true,"href":"https:\/\/leavicens.com\/fr_FR\/wp-json\/wp\/v2\/categories?post=3933"},{"taxonomy":"post_tag","embeddable":true,"href":"https:\/\/leavicens.com\/fr_FR\/wp-json\/wp\/v2\/tags?post=3933"}],"curies":[{"name":"wp","href":"https:\/\/api.w.org\/{rel}","templated":true}]}}