{"id":3956,"date":"2018-08-10T23:55:33","date_gmt":"2018-08-10T21:55:33","guid":{"rendered":"http:\/\/leavicens.com\/?p=3956"},"modified":"2018-08-11T10:46:03","modified_gmt":"2018-08-11T08:46:03","slug":"lea-vicens-imparable-tres-orejas-en-villanueva-de-cordoba","status":"publish","type":"post","link":"https:\/\/leavicens.com\/fr_FR\/lea-vicens-imparable-tres-orejas-en-villanueva-de-cordoba\/","title":{"rendered":"L\u00c9A VICENS, \u00cdMPARABLE&#8217; TRES OREJAS EN VILLANUEVA DE C\u00d3RDOBA"},"content":{"rendered":"<p style=\"text-align: justify;\">La corrida mixta celebrada anoche en Villanueva de C\u00f3rdoba con motivo de sus fiestas fue un aut\u00e9ntico \u00e9xito gracias a la entrega de los toreros, el juego del ganado y la asistencia de p\u00fablico. Un a\u00f1o m\u00e1s esta ciudad serrana se ha volcado en apoyar a la fiesta y no qued\u00f3 desenga\u00f1ada.<\/p>\n<p style=\"text-align: justify;\">La buena iluminaci\u00f3n con que cuenta el coso facilita muy mucho que los festejos se den a la ca\u00edda de la tarde con el alivio que supone huir de las horas calurosas. En primer lugar actu\u00f3 la rejoneadora <strong>Lea Vicens, que encabeza el escalaf\u00f3n gracias a sus sonados \u00e9xitos en las diferentes plazas<\/strong>. Aqu\u00ed, en Los Pedroches, no decepcion\u00f3 a nadie por su buena monta y su acierto con arpones y banderillas. Arriesg\u00f3 mucho y el p\u00fablico se le entreg\u00f3 desde la primera galopada. Muy bien en banderillas cortas y toreando de costadillo y sensacionales fueron sus quiebros consintiendo mucho y emocionando al responsable. Su segundo toro que se movi\u00f3 m\u00e1s le permiti\u00f3 mejor lucimiento. <strong>Lea Vicens<\/strong> refrend\u00f3 el buen momento por el que atraviesa.<\/p>\n<p><strong><em>Diario de C\u00f3rdoba:<\/em><\/strong><em> http:\/\/www.diariocordoba.com\/noticias\/toros\/lea-fandi-jordan-hombros_1244245.html<\/em><\/p>\n<p><strong><u>FICHA DEL FESTEJO<\/u><\/strong><\/p>\n<p><strong>Ganado<\/strong>: Se lidiaron dos reses para rejones de los Herederos de Gregorio Garz\u00f3n, y dos toros y dos novillos de Sancho D\u00e1vila, aceptablemente presentados y de juego dispar.<\/p>\n<p><strong>Lea Vicens; <\/strong>Oreja y Dos orejas.<\/p>\n<p>David Fandila \u2018El Fandi\u2019;\u00a0Oreja, y Dos orejas y rabo.<\/p>\n<p>Carlos Jord\u00e1n;\u00a0Oreja y Oreja.<\/p>\n<p>&nbsp;<\/p>\n<p><em><span style=\"text-decoration: underline;\">Foto:<\/span> Diario de C\u00f3rdoba<\/em><\/p>\n","protected":false},"excerpt":{"rendered":"<p style=\"text-align: justify;\">La corrida mixta celebrada anoche en Villanueva de C\u00f3rdoba con motivo de sus fiestas fue un aut\u00e9ntico \u00e9xito gracias a la entrega de los toreros, el juego del ganado y la asistencia de p\u00fablico. Un a\u00f1o m\u00e1s esta ciudad se&#8230;<\/p>\n","protected":false},"author":4,"featured_media":3957,"comment_status":"open","ping_status":"open","sticky":true,"template":"","format":"standard","meta":[],"categories":[20,1],"tags":[],"_links":{"self":[{"href":"https:\/\/leavicens.com\/fr_FR\/wp-json\/wp\/v2\/posts\/3956"}],"collection":[{"href":"https:\/\/leavicens.com\/fr_FR\/wp-json\/wp\/v2\/posts"}],"about":[{"href":"https:\/\/leavicens.com\/fr_FR\/wp-json\/wp\/v2\/types\/post"}],"author":[{"embeddable":true,"href":"https:\/\/leavicens.com\/fr_FR\/wp-json\/wp\/v2\/users\/4"}],"replies":[{"embeddable":true,"href":"https:\/\/leavicens.com\/fr_FR\/wp-json\/wp\/v2\/comments?post=3956"}],"version-history":[{"count":2,"href":"https:\/\/leavicens.com\/fr_FR\/wp-json\/wp\/v2\/posts\/3956\/revisions"}],"predecessor-version":[{"id":3959,"href":"https:\/\/leavicens.com\/fr_FR\/wp-json\/wp\/v2\/posts\/3956\/revisions\/3959"}],"wp:featuredmedia":[{"embeddable":true,"href":"https:\/\/leavicens.com\/fr_FR\/wp-json\/wp\/v2\/media\/3957"}],"wp:attachment":[{"href":"https:\/\/leavicens.com\/fr_FR\/wp-json\/wp\/v2\/media?parent=3956"}],"wp:term":[{"taxonomy":"category","embeddable":true,"href":"https:\/\/leavicens.com\/fr_FR\/wp-json\/wp\/v2\/categories?post=3956"},{"taxonomy":"post_tag","embeddable":true,"href":"https:\/\/leavicens.com\/fr_FR\/wp-json\/wp\/v2\/tags?post=3956"}],"curies":[{"name":"wp","href":"https:\/\/api.w.org\/{rel}","templated":true}]}}