{"id":3962,"date":"2018-08-14T23:02:31","date_gmt":"2018-08-14T21:02:31","guid":{"rendered":"http:\/\/leavicens.com\/?p=3962"},"modified":"2018-08-15T00:03:47","modified_gmt":"2018-08-14T22:03:47","slug":"lea-vicens-cumbre-en-beziers-con-cuatro-orejas","status":"publish","type":"post","link":"https:\/\/leavicens.com\/fr_FR\/lea-vicens-cumbre-en-beziers-con-cuatro-orejas\/","title":{"rendered":"L\u00c9A VICENS, CUMBRE EN BEZIERS CON CUATRO OREJAS."},"content":{"rendered":"<p>&nbsp;<\/p>\n<p><a href=\"http:\/\/leavicens.com\/lvicens\/wp-content\/uploads\/2018\/08\/2.jpg\"><img loading=\"lazy\" class=\"size-medium wp-image-3963 alignleft\" src=\"http:\/\/leavicens.com\/lvicens\/wp-content\/uploads\/2018\/08\/2-300x200.jpg\" alt=\"\" width=\"300\" height=\"200\" \/><\/a><img loading=\"lazy\" class=\"size-medium wp-image-3964 alignright\" src=\"http:\/\/leavicens.com\/lvicens\/wp-content\/uploads\/2018\/08\/3-300x200.jpg\" alt=\"\" width=\"300\" height=\"200\" \/><\/p>\n<p>&nbsp;<\/p>\n<p>&nbsp;<\/p>\n<p>&nbsp;<\/p>\n<p>&nbsp;<\/p>\n<p><a href=\"http:\/\/leavicens.com\/lvicens\/wp-content\/uploads\/2018\/08\/4.jpg\"><img loading=\"lazy\" class=\"alignnone size-medium wp-image-3965\" src=\"http:\/\/leavicens.com\/lvicens\/wp-content\/uploads\/2018\/08\/4-300x200.jpg\" alt=\"\" width=\"300\" height=\"200\" \/><\/a><a href=\"http:\/\/leavicens.com\/lvicens\/wp-content\/uploads\/2018\/08\/5.jpg\"><img loading=\"lazy\" class=\"size-medium wp-image-3966 alignright\" src=\"http:\/\/leavicens.com\/lvicens\/wp-content\/uploads\/2018\/08\/5-300x200.jpg\" alt=\"\" width=\"300\" height=\"200\" \/><\/a><\/p>\n<p style=\"text-align: center;\"><em><strong>\u00abLea Vicens, cuatro orejas, y Hermoso de Mendoza, tres, en hombros en Beziers\u00bb<\/strong><\/em><\/p>\n<p style=\"text-align: justify;\">Pablo Hermoso de Mendoza\u00a0y<strong>\u00a0Lea Vicens<\/strong>\u00a0protagonizaron un <strong><em><u>trepidante y triunfal mano a mano<\/u><\/em><\/strong> en la cuarta de la feria de\u00a0<strong>Beziers<\/strong>, donde el notable juego de los toros de\u00a0Ferm\u00edn Boh\u00f3rquez\u00a0propici\u00f3 que <strong><em><u>la amazona gala paseara cuatro trofeos<\/u><\/em><\/strong>, mientras que el navarro, que la acompa\u00f1\u00f3 en volandas, pase\u00f3 otras tres.<\/p>\n<p style=\"text-align: justify;\">La amazona gala, que puntu\u00f3 en sus tres astados, destac\u00f3 por su ambici\u00f3n desde la primera banderilla. Destac\u00f3 con \u2018<strong>B\u00e9tico<\/strong>\u2018, en su primer toro e hizo lo propio con \u2018<strong>Gacela<\/strong>\u2018 en el cuarto. Luego,\u00a0<strong>Vicens,<\/strong>\u00a0estuvo cumbre con un sexto, de buen tranco, al que cuaj\u00f3 de principio a final, especialmente meritorio, porque el toro se aquerenci\u00f3 en tablas y la de\u00a0<strong>Nimes<\/strong>\u00a0pis\u00f3 terrenos muy complicados. Destac\u00f3 sobre \u2018<strong>Jazm\u00edn<\/strong>\u2018, y \u2018<strong>Gacela<\/strong>\u2018 nuevamente.<\/p>\n<p><em><strong>Mundotoro.com:<\/strong>\u00a0http:\/\/www.mundotoro.com\/noticia\/el-mano-a-mano-con-hermoso-de-mendoza-y-vicens-al-detalle\/1385131<\/em><\/p>\n<p>&nbsp;<\/p>\n<p style=\"text-align: center;\"><em><strong>\u00abBeziers: la maestr\u00eda de Pablo Hermoso y el \u00edmpetu de Lea Vicens\u00bb<\/strong><\/em><\/p>\n<p style=\"text-align: justify;\"><strong>Lea Vicens<\/strong> tore\u00f3 con pureza y gran facilidad al segundo de la tarde. La rejoneadora gala se luci\u00f3 a lomos de <strong>B\u00e9tico<\/strong> y <strong>Bazuka<\/strong> en banderillas, finalizando su actuaci\u00f3n con las rosas. Un rejonazo fue suficiente para pasaportar al toro y pasear una oreja.<\/p>\n<p style=\"text-align: justify;\">El cuarto, muy distra\u00eddo en los primeros compases, reaccion\u00f3 ante el castigo. <strong>Lea Vicens<\/strong> fundament\u00f3 su labor en <strong>Gacela, Diluvio<\/strong> y <strong>Greco.<\/strong> Sac\u00f3 m\u00e1s de lo que ten\u00eda el toro, que no colabor\u00f3 en ning\u00fan momento. Concluy\u00f3 poniendo flores y a la hora de matar tuvo que hacerlo todo ella. Oreja de m\u00e9rito.<\/p>\n<p style=\"text-align: justify;\"><strong>Lea Vicens<\/strong> le form\u00f3 un alboroto al sexto. Esta vez usando los caballos <strong>B\u00e9tico, Jazm\u00edn, Deseado<\/strong> y <strong>Bazuka<\/strong> ante un toro con poco recorrido y mucha querencia hacia las tablas y al que puso con notable riesgo dos rosas pasando por los adentros. Mat\u00f3 de un rej\u00f3n entero y dos descabellos.<\/p>\n<p><strong><em>Aplausos.com:<\/em><\/strong><em> https:\/\/www.aplausos.es\/noticia\/45283\/noticias\/beziers:-la-maestria-de-pablo-hermoso-y-el-impetu-de-lea-vicens.html<\/em><\/p>\n<p>&nbsp;<\/p>\n<p style=\"text-align: justify;\"><u>FICHA DEL FESTEJO<\/u><\/p>\n<p style=\"text-align: justify;\">Martes, 14 de agosto de 2018<\/p>\n<p style=\"text-align: justify;\">Plaza de toros de\u00a0Beziers (Francia).<\/p>\n<p style=\"text-align: justify;\">Cuarta de la feria.<\/p>\n<p style=\"text-align: justify;\">Tres cuartos de entrada.<\/p>\n<p style=\"text-align: justify;\">Toros de Ferm\u00edn Boh\u00f3rquez,de correcta presentaci\u00f3n y de excepcional juego. Con ritmo y transmisi\u00f3n, colaboradores para ambos.<\/p>\n<p style=\"text-align: justify;\">Pablo Hermoso de Mendoza; Oreja, Dos orejas y Ovaci\u00f3n.<\/p>\n<p style=\"text-align: justify;\"><strong>Lea Vicens;\u00a0<\/strong>Oreja, Oreja y Dos orejas.<\/p>\n<p>&nbsp;<\/p>\n<p><em><span style=\"text-decoration: underline;\">Fotos:<\/span>\u00a0Mundotoro \/ Tony B\u00e9bran\u00a0<\/em><\/p>\n<p>&nbsp;<\/p>\n","protected":false},"excerpt":{"rendered":"<p>&nbsp;<\/p>\n<p><a href=\"http:\/\/leavicens.com\/lvicens\/wp-content\/uploads\/2018\/08\/2.jpg\"><img loading=\"lazy\" class=\"size-medium wp-image-3963 alignleft\" src=\"http:\/\/leavicens.com\/lvicens\/wp-content\/uploads\/2018\/08\/2-300x200.jpg\" alt=\"\" width=\"300\" height=\"200\" \/><\/a><a hr...\n<\/p>\n","protected":false},"author":4,"featured_media":3967,"comment_status":"open","ping_status":"open","sticky":true,"template":"","format":"standard","meta":[],"categories":[20,1],"tags":[],"_links":{"self":[{"href":"https:\/\/leavicens.com\/fr_FR\/wp-json\/wp\/v2\/posts\/3962"}],"collection":[{"href":"https:\/\/leavicens.com\/fr_FR\/wp-json\/wp\/v2\/posts"}],"about":[{"href":"https:\/\/leavicens.com\/fr_FR\/wp-json\/wp\/v2\/types\/post"}],"author":[{"embeddable":true,"href":"https:\/\/leavicens.com\/fr_FR\/wp-json\/wp\/v2\/users\/4"}],"replies":[{"embeddable":true,"href":"https:\/\/leavicens.com\/fr_FR\/wp-json\/wp\/v2\/comments?post=3962"}],"version-history":[{"count":2,"href":"https:\/\/leavicens.com\/fr_FR\/wp-json\/wp\/v2\/posts\/3962\/revisions"}],"predecessor-version":[{"id":3969,"href":"https:\/\/leavicens.com\/fr_FR\/wp-json\/wp\/v2\/posts\/3962\/revisions\/3969"}],"wp:featuredmedia":[{"embeddable":true,"href":"https:\/\/leavicens.com\/fr_FR\/wp-json\/wp\/v2\/media\/3967"}],"wp:attachment":[{"href":"https:\/\/leavicens.com\/fr_FR\/wp-json\/wp\/v2\/media?parent=3962"}],"wp:term":[{"taxonomy":"category","embeddable":true,"href":"https:\/\/leavicens.com\/fr_FR\/wp-json\/wp\/v2\/categories?post=3962"},{"taxonomy":"post_tag","embeddable":true,"href":"https:\/\/leavicens.com\/fr_FR\/wp-json\/wp\/v2\/tags?post=3962"}],"curies":[{"name":"wp","href":"https:\/\/api.w.org\/{rel}","templated":true}]}}