{"id":3972,"date":"2018-08-12T23:20:37","date_gmt":"2018-08-12T21:20:37","guid":{"rendered":"http:\/\/leavicens.com\/?p=3972"},"modified":"2018-08-15T00:21:11","modified_gmt":"2018-08-14T22:21:11","slug":"lea-vicens-sin-suerte-en-gijon-ante-un-lote-muy-complicado","status":"publish","type":"post","link":"https:\/\/leavicens.com\/fr_FR\/lea-vicens-sin-suerte-en-gijon-ante-un-lote-muy-complicado\/","title":{"rendered":"L\u00c9A VICENS, SIN SUERTE EN GIJ\u00d3N ANTE UN LOTE MUY COMPLICADO"},"content":{"rendered":"<p style=\"text-align: center;\"><em><strong>\u00abL\u00e9a Vicens, tir\u00f3 de raza ante un lote sin opciones\u00bb\u00a0<\/strong><\/em><\/p>\n<p style=\"text-align: justify;\">El tercero, para <strong>L\u00e9a Vicens,<\/strong> fue un toro que no se lo puso f\u00e1cil a la francesa en el rej\u00f3n de castigo. Voluntad en la faena, conectando con el tendido, y en las dos cortas finales. Fall\u00f3 con el rej\u00f3n de muerte, matando a la segunda ante uno muy dif\u00edcil.<\/p>\n<p style=\"text-align: justify;\">Silenciada result\u00f3 <strong>L\u00e9a Vicens<\/strong> tambi\u00e9n en el sexto. Manso y complicado animal. Aun as\u00ed, mostr\u00f3 disposici\u00f3n y logr\u00f3 momentos buenos pero sin redondear faena. Se le complic\u00f3 la suerte suprema, teniendo que esperar a que cayese su oponente.<\/p>\n<p><em><strong>Cultoro.com:<\/strong> http:\/\/www.cultoro.es\/festejos\/2018\/8\/12\/ventura-monta-el-taco-regalando-un-toro-en-el-bibio-31717.html#&amp;gid=2&amp;pid=2<\/em><\/p>\n<p><em><u>FICHA DEL FESTEJO<\/u><\/em><\/p>\n<p><em>Domingo, 12 de agosto de 2018<\/em><\/p>\n<p>Plaza de toros de El Bibio, Gij\u00f3n. Tercera de Feria de Bego\u00f1a. Corrida de rejones.<\/p>\n<p>Toros de\u00a0<strong>Romao Tenorio.<\/strong><\/p>\n<p>Andy Cartagena; Ovaci\u00f3n y Dos orejas.<\/p>\n<p>Diego Ventura; Ovaci\u00f3n, Ovaci\u00f3n y Dos orejas en el de regalo.<\/p>\n<p><strong>Lea Vicens; <\/strong>Silencio y Palmas.<\/p>\n<p>&nbsp;<\/p>\n<p><em><span style=\"text-decoration: underline;\">Foto:<\/span> Cultoro \/ Emilio M\u00e9ndez\u00a0<\/em><\/p>\n","protected":false},"excerpt":{"rendered":"<p>\u00abL\u00e9a Vicens, tir\u00f3 de raza ante un lote sin opciones\u00bb\u00a0 El tercero, para L\u00e9a Vicens, fue un toro que no&#8230;<\/p>\n","protected":false},"author":4,"featured_media":3973,"comment_status":"open","ping_status":"open","sticky":true,"template":"","format":"standard","meta":[],"categories":[20,1],"tags":[],"_links":{"self":[{"href":"https:\/\/leavicens.com\/fr_FR\/wp-json\/wp\/v2\/posts\/3972"}],"collection":[{"href":"https:\/\/leavicens.com\/fr_FR\/wp-json\/wp\/v2\/posts"}],"about":[{"href":"https:\/\/leavicens.com\/fr_FR\/wp-json\/wp\/v2\/types\/post"}],"author":[{"embeddable":true,"href":"https:\/\/leavicens.com\/fr_FR\/wp-json\/wp\/v2\/users\/4"}],"replies":[{"embeddable":true,"href":"https:\/\/leavicens.com\/fr_FR\/wp-json\/wp\/v2\/comments?post=3972"}],"version-history":[{"count":1,"href":"https:\/\/leavicens.com\/fr_FR\/wp-json\/wp\/v2\/posts\/3972\/revisions"}],"predecessor-version":[{"id":3974,"href":"https:\/\/leavicens.com\/fr_FR\/wp-json\/wp\/v2\/posts\/3972\/revisions\/3974"}],"wp:featuredmedia":[{"embeddable":true,"href":"https:\/\/leavicens.com\/fr_FR\/wp-json\/wp\/v2\/media\/3973"}],"wp:attachment":[{"href":"https:\/\/leavicens.com\/fr_FR\/wp-json\/wp\/v2\/media?parent=3972"}],"wp:term":[{"taxonomy":"category","embeddable":true,"href":"https:\/\/leavicens.com\/fr_FR\/wp-json\/wp\/v2\/categories?post=3972"},{"taxonomy":"post_tag","embeddable":true,"href":"https:\/\/leavicens.com\/fr_FR\/wp-json\/wp\/v2\/tags?post=3972"}],"curies":[{"name":"wp","href":"https:\/\/api.w.org\/{rel}","templated":true}]}}