{"id":4026,"date":"2018-08-19T23:39:22","date_gmt":"2018-08-19T21:39:22","guid":{"rendered":"http:\/\/leavicens.com\/?p=4026"},"modified":"2018-08-20T03:45:18","modified_gmt":"2018-08-20T01:45:18","slug":"lea-vicens-oreja-en-malaga-con-dos-vueltas-el-palco-le-quita-la-puerta-grande","status":"publish","type":"post","link":"https:\/\/leavicens.com\/fr_FR\/lea-vicens-oreja-en-malaga-con-dos-vueltas-el-palco-le-quita-la-puerta-grande\/","title":{"rendered":"L\u00c9A VICENS, OREJA EN M\u00c1LAGA CON DOS VUELTAS.EL PALCO NIEGA LA PUERTA GRANDE"},"content":{"rendered":"<p><a href=\"http:\/\/leavicens.com\/lvicens\/wp-content\/uploads\/2018\/08\/136110.jpg\"><img loading=\"lazy\" class=\"size-medium wp-image-4027 alignleft\" src=\"http:\/\/leavicens.com\/lvicens\/wp-content\/uploads\/2018\/08\/136110-300x225.jpg\" alt=\"\" width=\"300\" height=\"225\" \/><\/a><a href=\"http:\/\/leavicens.com\/lvicens\/wp-content\/uploads\/2018\/08\/136138.jpg\"><img loading=\"lazy\" class=\"size-medium wp-image-4028 alignright\" src=\"http:\/\/leavicens.com\/lvicens\/wp-content\/uploads\/2018\/08\/136138-300x225.jpg\" alt=\"\" width=\"300\" height=\"225\" \/><\/a><\/p>\n<p>&nbsp;<\/p>\n<p>&nbsp;<\/p>\n<p>&nbsp;<\/p>\n<p>&nbsp;<\/p>\n<p>&nbsp;<\/p>\n<p>&nbsp;<\/p>\n<p>&nbsp;<\/p>\n<p><a href=\"http:\/\/leavicens.com\/lvicens\/wp-content\/uploads\/2018\/08\/136139.jpg\"><img loading=\"lazy\" class=\"size-medium wp-image-4029 alignleft\" src=\"http:\/\/leavicens.com\/lvicens\/wp-content\/uploads\/2018\/08\/136139-300x225.jpg\" alt=\"\" width=\"300\" height=\"225\" \/><\/a><a href=\"http:\/\/leavicens.com\/lvicens\/wp-content\/uploads\/2018\/08\/136166.jpg\"><img loading=\"lazy\" class=\"size-medium wp-image-4030 alignright\" src=\"http:\/\/leavicens.com\/lvicens\/wp-content\/uploads\/2018\/08\/136166-300x225.jpg\" alt=\"\" width=\"300\" height=\"225\" \/><\/a><\/p>\n<p>&nbsp;<\/p>\n<p>&nbsp;<\/p>\n<p>&nbsp;<\/p>\n<p>&nbsp;<\/p>\n<p>&nbsp;<\/p>\n<p>&nbsp;<\/p>\n<p>&nbsp;<\/p>\n<p style=\"text-align: justify;\"><strong>\u201cO<\/strong><strong>rejas de distinto calado para Pablo y L\u00e9a, que vio c\u00f3mo el palco le cerr\u00f3 la Puerta Grande\u201d<\/strong><\/p>\n<p style=\"text-align: justify;\"><strong><em>Vicens, dio dos vueltas al ruedo tras cortar una oreja al quinto y result\u00f3 fuertemente ovacionada tras petici\u00f3n en el segundo. Encastada corrida de Ferm\u00edn Boh\u00f3rquez.<\/em><\/strong><\/p>\n<p style=\"text-align: justify;\">El cierre de la feria en <strong>La Malagueta<\/strong> ten\u00eda lugar en la tarde de este domingo, 19 de agosto, en un festejo a caballo en el que se lidiaban toros de <strong>Ferm\u00edn Boh\u00f3rquez<\/strong> para <strong>Pablo Hermoso de Mendoza, Lea Vicens<\/strong> y <strong>Guillermo Hermoso de Mendoza<\/strong>. A las siete y media arrancaba la funci\u00f3n.<\/p>\n<p style=\"text-align: justify;\"><strong>La tarde de rejones ha tenido una clara triunfadora. La francesa L\u00e9a Vicens demostr\u00f3 el por qu\u00e9 ocupa el liderazgo del escalaf\u00f3n. L\u00e9a protagoniz\u00f3 momentos de muchos quilates ante dos buenos ejemplares <em>-como toda la corrida, menos el cuarto-<\/em> con un toreo muy elegante y poderoso. Dos faenas distintas, merecedoras de la Puerta Grande que el palco no quiso abrir. Hubo torer\u00eda, temple y dominio en perfecta armon\u00eda con su portentosa cuadra.\u00a0<\/strong><\/p>\n<p style=\"text-align: justify;\"><strong>\u2018Seguidor\u2019<\/strong> que hizo segundo, fue un toro \u00a0fuerte, apretado, que luci\u00f3 pies y al que <strong>L\u00e9a Vicens<\/strong> dej\u00f3 un solo \u00a0rej\u00f3n montando a <strong><em>\u2018Bach\u2019<\/em><\/strong> para apostar por la viveza de su oponente. Tuvo son, ritmo y comp\u00e1s las banderillas a una mano, donde <strong>Vicens<\/strong> cosi\u00f3 a su primero debajo del estribo con <strong><em>\u2018B\u00e9tico\u2019<\/em><\/strong>. Las galopadas de costado a dos pistas, \u00a0fueron torer\u00edsimas recorriendo toda la plaza con el toro muy fijo. Cit\u00f3 con <strong><em>\u2018Bazuca,\u2019<\/em><\/strong> con el paso espa\u00f1ol, para irse de frente y hacer la batida al pit\u00f3n contrario, reuniendo en todo lo alto. Doma, elegancia y pureza en perfecta conjunci\u00f3n con ritmo y temple ante un buen toro. Los palos al viol\u00edn, y el quiebro, con parada a raya en la cara del toro, fueron de mucho nivel con <strong><em>\u2018Greco\u2019<\/em><\/strong>. El carrusel de cortas fue importante en belleza y colocaci\u00f3n. Se adorn\u00f3 con un Piaffe de alta escuela y remat\u00f3 su buena faena con <strong><em>\u2018Espontaneo\u2019<\/em><\/strong> con un rej\u00f3n y posterior descabello. Vuelta tras petici\u00f3n que no fue atendida. <strong>L\u00e9a Vicens,<\/strong> mont\u00f3 de salida a <strong><em>\u2018Guitarra\u2019<\/em><\/strong> para recibir a <strong>\u2018Quejio\u2019 <\/strong>que sali\u00f3 con pies pero muy distra\u00eddo. Un rej\u00f3n arriba y despu\u00e9s le ense\u00f1\u00f3 la grupa del caballo para torear con raza y encelarlo. <em>Eso fue clave para el devenir de la faena.<\/em> El tercio de banderillas fue de mucho nivel, donde la francesa reuni\u00f3 despu\u00e9s de dos grandes quiebros en los medios. Atac\u00f3 <strong>L\u00e9a<\/strong> desde las tablas, \u00a0enfrontilada siempre de fachada y ganando toreramente la cara a su astado. Tambi\u00e9n hubo vueltas al galope en la cara, Piaffe, paso atr\u00e1s, y posada acompa\u00f1ada de levada, en un tercio donde <strong>Lea<\/strong> arriesg\u00f3 lleg\u00e1ndole bien al quinto que esper\u00f3 emplazado en los medios. Antes hubo ritmo <em>\u2013continuidad-<\/em> en un galope de costado, donde templ\u00f3 y tore\u00f3 elegante, imprimiendo son y torer\u00eda a su quehacer. En el carrusel de cortas se meti\u00f3 encima del toro y las dej\u00f3 en una perra gorda. <strong>Vicens<\/strong>\u00a0firm\u00f3 un rej\u00f3n arriba y cort\u00f3 una oreja con fuerte petici\u00f3n de segunda y dio dos vueltas al ruedo. Mont\u00f3 a <strong><em>\u2018Guitarra\u2019, \u2018Gacela\u2019, \u2018Diluvio\u2019, \u2018Deseado\u2019<\/em><\/strong><em> y <strong>\u2018Espont\u00e1neo\u2019<\/strong><\/em><strong>.<\/strong><\/p>\n<p><strong><em>Cultoro.com:<\/em><\/strong><em> http:\/\/www.cultoro.es\/festejos\/2018\/8\/19\/orejas-de-distinto-calado-para-pablo-lea-que-vio-como-el-palco-le-cerro-la-puerta-grande-31871.html<\/em><\/p>\n<p style=\"text-align: center;\"><strong>\u00abL\u00e9a y el L\u00edo\u00bb<\/strong><\/p>\n<p style=\"text-align: justify;\"><strong><em>Lea Vicens<\/em><\/strong><strong><em>\u00a0form\u00f3 un l\u00edo merecedor de m\u00e1s premio que la oreja que concedi\u00f3 el palco de\u00a0M\u00e1laga<\/em><\/strong><em>.<strong> De principio a fin cuaj\u00f3 un buen toro de\u00a0Ferm\u00edn Boh\u00f3rquez<\/strong>\u00a0y<strong> el p\u00fablico as\u00ed lo vio, ovacion\u00e1ndola durante las dos vueltas al ruedo seguidas que dio.<\/strong><\/em><\/p>\n<p style=\"text-align: justify;\">El palco neg\u00f3 la segunda oreja a<strong>\u00a0Lea Vicens<\/strong>\u00a0tras una faena llena de entrega y verdad a un gran toro de\u00a0<strong>Ferm\u00edn Boh\u00f3rquez<\/strong>. Comenz\u00f3 con<strong>\u00a0\u2018Guitarra<\/strong>\u2018, con el que le coloc\u00f3 un rej\u00f3n. Sigui\u00f3 con\u00a0<strong>\u2018Gacela\u2019<\/strong>\u00a0y<strong>\u00a0\u2018Diluvio\u2019<\/strong>, valiente y con raza, imponi\u00e9ndose y colocando pares que llegaron al grader\u00edo que se volc\u00f3 con ella. Redujo distancias con<strong>\u00a0\u2018Bazuka\u2019<\/strong>\u00a0y con\u00a0<strong>\u2018Deseado\u2019<\/strong>\u00a0lleg\u00f3 al tendido clavando una rosa. Tras un efectivo rej\u00f3n, consigui\u00f3 una oreja y dio dos vueltas al ruedo.<\/p>\n<p style=\"text-align: justify;\">Sali\u00f3 suelto y desarroll\u00f3 sentido a medida que avanz\u00f3 la lidia.\u00a0<strong>Lea<\/strong>\u00a0le par\u00f3 recort\u00e1ndole por el pit\u00f3n derecho y tras un rej\u00f3n de castigo a lomos de\u00a0<strong>\u2018Bach\u2019<\/strong>, coloc\u00f3 banderillas muy ovacionadas con<strong>\u00a0\u2018B\u00e9tico\u2019<\/strong>\u00a0y<strong>\u00a0\u2018Bazuka\u2019<\/strong>. Finaliz\u00f3 su faena con\u00a0<strong>\u2018Greco\u2019<\/strong>, con el que coloc\u00f3 dos rosas antes del rejonazo efectivo que le vali\u00f3 para dar una merecida vuelta al ruedo.<\/p>\n<p style=\"text-align: justify;\"><strong><em>Mundotoro.com:<\/em><\/strong> <em>http:\/\/www.mundotoro.com\/noticia\/la-ultima-de-malaga-al-detalle\/1386254<\/em><\/p>\n<p>&nbsp;<\/p>\n<p><em><strong><u>FICHA DEL FESTEJO<\/u><\/strong><\/em><\/p>\n<p>Plaza de toros de La Malagueta. \u00daltima de Feria. Corrida de toros.<\/p>\n<p>Entrada: M\u00e1s de media plaza.<\/p>\n<p>Toros de Ferm\u00edn Boh\u00f3rquez. Buena corrida del hierro jerezano. <strong>1\u00ba<\/strong> Con celo. <strong>2\u00ba y 3\u00ba <\/strong>encastado. <strong>4\u00ba<\/strong> soso y sin transmisi\u00f3n. <strong>5\u00ba <\/strong>Bravo. <strong>6\u00ba <\/strong>encastado.<\/p>\n<p>Pablo Hermoso de Mendoza; Oreja y Ovaci\u00f3n.<\/p>\n<p><strong>Lea Vicens; <\/strong>Vuelta al ruedo y Oreja.<\/p>\n<p>Guillermo Hermoso de Mendoza; Ovaci\u00f3n y Ovaci\u00f3n.<\/p>\n<p>&nbsp;<\/p>\n<p><em><span style=\"text-decoration: underline;\">Fotos:<\/span> Toros del Mediterraneo \/ Toromedia &#8211; Sara de la Fuente<\/em><\/p>\n","protected":false},"excerpt":{"rendered":"<p><a href=\"http:\/\/leavicens.com\/lvicens\/wp-content\/uploads\/2018\/08\/136110.jpg\"><img loading=\"lazy\" class=\"size-medium wp-image-4027 alignleft\" src=\"http:\/\/leavicens.com\/lvicens\/wp-content\/uploads\/2018\/08\/136110-300x225.jpg\" alt=\"\" width=\"300\" height=\"225\" \/><\/a><a hr...\n<\/p>\n","protected":false},"author":4,"featured_media":4031,"comment_status":"open","ping_status":"open","sticky":true,"template":"","format":"standard","meta":[],"categories":[20,1],"tags":[],"_links":{"self":[{"href":"https:\/\/leavicens.com\/fr_FR\/wp-json\/wp\/v2\/posts\/4026"}],"collection":[{"href":"https:\/\/leavicens.com\/fr_FR\/wp-json\/wp\/v2\/posts"}],"about":[{"href":"https:\/\/leavicens.com\/fr_FR\/wp-json\/wp\/v2\/types\/post"}],"author":[{"embeddable":true,"href":"https:\/\/leavicens.com\/fr_FR\/wp-json\/wp\/v2\/users\/4"}],"replies":[{"embeddable":true,"href":"https:\/\/leavicens.com\/fr_FR\/wp-json\/wp\/v2\/comments?post=4026"}],"version-history":[{"count":4,"href":"https:\/\/leavicens.com\/fr_FR\/wp-json\/wp\/v2\/posts\/4026\/revisions"}],"predecessor-version":[{"id":4035,"href":"https:\/\/leavicens.com\/fr_FR\/wp-json\/wp\/v2\/posts\/4026\/revisions\/4035"}],"wp:featuredmedia":[{"embeddable":true,"href":"https:\/\/leavicens.com\/fr_FR\/wp-json\/wp\/v2\/media\/4031"}],"wp:attachment":[{"href":"https:\/\/leavicens.com\/fr_FR\/wp-json\/wp\/v2\/media?parent=4026"}],"wp:term":[{"taxonomy":"category","embeddable":true,"href":"https:\/\/leavicens.com\/fr_FR\/wp-json\/wp\/v2\/categories?post=4026"},{"taxonomy":"post_tag","embeddable":true,"href":"https:\/\/leavicens.com\/fr_FR\/wp-json\/wp\/v2\/tags?post=4026"}],"curies":[{"name":"wp","href":"https:\/\/api.w.org\/{rel}","templated":true}]}}