{"id":4041,"date":"2018-08-22T22:41:57","date_gmt":"2018-08-22T20:41:57","guid":{"rendered":"http:\/\/leavicens.com\/?p=4041"},"modified":"2018-08-23T00:46:26","modified_gmt":"2018-08-22T22:46:26","slug":"lea-vicens-pierde-oreja-por-los-aceros-y-arranca-una-oreja-al-sexto-en-cuenca","status":"publish","type":"post","link":"https:\/\/leavicens.com\/fr_FR\/lea-vicens-pierde-oreja-por-los-aceros-y-arranca-una-oreja-al-sexto-en-cuenca\/","title":{"rendered":"L\u00c9A VICENS, EN CUENCA, PIERDE OREJA POR LOS ACEROS Y ARRANCA UNA AL SEXTO"},"content":{"rendered":"<p><img loading=\"lazy\" class=\"size-medium wp-image-4042 alignleft\" src=\"http:\/\/leavicens.com\/lvicens\/wp-content\/uploads\/2018\/08\/IMG_6714-300x249.jpg\" alt=\"\" width=\"300\" height=\"249\" \/><a href=\"http:\/\/leavicens.com\/lvicens\/wp-content\/uploads\/2018\/08\/IMG_6779.jpg\"><img loading=\"lazy\" class=\"size-medium wp-image-4043 alignright\" src=\"http:\/\/leavicens.com\/lvicens\/wp-content\/uploads\/2018\/08\/IMG_6779-225x300.jpg\" alt=\"\" width=\"225\" height=\"300\" \/><\/a><\/p>\n<p>&nbsp;<\/p>\n<p>&nbsp;<\/p>\n<p>&nbsp;<\/p>\n<p>&nbsp;<\/p>\n<p>&nbsp;<\/p>\n<p>&nbsp;<\/p>\n<p>&nbsp;<\/p>\n<p>&nbsp;<\/p>\n<p style=\"text-align: justify;\"><strong>Lea Vicens<\/strong>\u00a0consigui\u00f3 un trofeo del que cerraba plaza, tras una est\u00e9tica y voluntariosa faena, en la que destac\u00f3 con\u00a0<strong>\u2018B\u00e9tico\u2019<\/strong>.\u00a0<strong>Sergio Gal\u00e1n<\/strong>\u00a0cort\u00f3 una oreja de su primero y s\u00f3lo el fallo con los aceros le impidi\u00f3 pasear alg\u00fan trofeo m\u00e1s del cuarto.<\/p>\n<p style=\"text-align: justify;\"><strong>Lea Vicens<\/strong>\u00a0cort\u00f3 el \u00faltimo trofeo de la feria al sexto, que luc\u00eda el hierro de <strong>Pallar\u00e9s<\/strong>. Buena faena elabor\u00f3 la amazona francesa, que marc\u00f3 diferencias con\u00a0<strong>\u2018B\u00e9tico\u2019<\/strong>. Tras el rej\u00f3n de muerte pase\u00f3 un trofeo por el ruedo del coso conquense.\u00a0<strong>Lea Vicens<\/strong>\u00a0pinch\u00f3 con el rej\u00f3n de muerte una faena entonada al tercer toro de la tarde. La amazona francesa estructur\u00f3 una faena lucida y voluntariosa. Fue silenciado tras fallar varias veces con el rej\u00f3n.<\/p>\n<p><strong><em>Mundotoro.com: <\/em><\/strong><em>http:\/\/www.mundotoro.com\/noticia\/el-final-de-cuenca-con-galan-ventura-y-vicens-al-detalle\/1386801<\/em><\/p>\n<p><em>\u00a0<\/em><\/p>\n<p style=\"text-align: justify;\"><strong>Lea Vicens<\/strong> no acert\u00f3 con el rej\u00f3n de muerte frente al tercero. Protagoniz\u00f3 una lidia vistosa y dispuesta, aunque se qued\u00f3 sin reconocimiento por su demora en finiquitar al animal.<\/p>\n<p style=\"text-align: justify;\">Cerr\u00f3 plaza y feria <strong>Lea Vicens<\/strong> con otra actuaci\u00f3n de buen nivel al \u00faltimo toro del serial, otro buen colaborador de Pallar\u00e9s. Marc\u00f3 diferencias con <em><strong>B\u00e9tico<\/strong><\/em>, su caballo estrella, para dejar su sello tambi\u00e9n en este coso. Oreja.<\/p>\n<p><strong><em>Aplausos.com:<\/em><\/strong><em>https:\/\/www.aplausos.es\/noticia\/45407\/noticias\/ventura-cierra-cuenca-por-la-puerta-grande.html<\/em><\/p>\n<p>&nbsp;<\/p>\n<p><strong><em><u>FICHA DEL FESTEJO<\/u><\/em><\/strong><\/p>\n<p>Plaza de toros de\u00a0Cuenca\u00a0(Cuenca). Quinta y \u00faltima de la feria.<\/p>\n<p>Entrada: Media plaza.<\/p>\n<p>Toros de\u00a0Pallar\u00e9s y Ben\u00edtez Cubero (4\u00ba y 5\u00ba),\u00a0desiguales de presentaci\u00f3n y de variado juego. Destac\u00f3 el quinto.<\/p>\n<p>Sergio Gal\u00e1n;Oreja y Ovaci\u00f3n.<\/p>\n<p>Diego Ventura;Ovaci\u00f3n y Dos orejas.<\/p>\n<p><strong>Lea Vicens;\u00a0<\/strong>Silencio y Oreja.<\/p>\n<p>&nbsp;<\/p>\n<p><em><span style=\"text-decoration: underline;\">Fotos:<\/span> Aplausos \/ Arjona<\/em><\/p>\n<p>&nbsp;<\/p>\n","protected":false},"excerpt":{"rendered":"<p><img loading=\"lazy\" class=\"size-medium wp-image-4042 alignleft\" src=\"http:\/\/leavicens.com\/lvicens\/wp-content\/uploads\/2018\/08\/IMG_6714-300x249.jpg\" alt=\"\" width=\"300\" height=\"249\" \/><a href=\"http:\/\/leavicens.com\/lvicens\/wp-content\/uploads\/2018\/08\/IMG_6779.jpg\"><img ...\n<\/p>\n","protected":false},"author":4,"featured_media":4044,"comment_status":"open","ping_status":"open","sticky":true,"template":"","format":"standard","meta":[],"categories":[20,1],"tags":[],"_links":{"self":[{"href":"https:\/\/leavicens.com\/fr_FR\/wp-json\/wp\/v2\/posts\/4041"}],"collection":[{"href":"https:\/\/leavicens.com\/fr_FR\/wp-json\/wp\/v2\/posts"}],"about":[{"href":"https:\/\/leavicens.com\/fr_FR\/wp-json\/wp\/v2\/types\/post"}],"author":[{"embeddable":true,"href":"https:\/\/leavicens.com\/fr_FR\/wp-json\/wp\/v2\/users\/4"}],"replies":[{"embeddable":true,"href":"https:\/\/leavicens.com\/fr_FR\/wp-json\/wp\/v2\/comments?post=4041"}],"version-history":[{"count":6,"href":"https:\/\/leavicens.com\/fr_FR\/wp-json\/wp\/v2\/posts\/4041\/revisions"}],"predecessor-version":[{"id":4050,"href":"https:\/\/leavicens.com\/fr_FR\/wp-json\/wp\/v2\/posts\/4041\/revisions\/4050"}],"wp:featuredmedia":[{"embeddable":true,"href":"https:\/\/leavicens.com\/fr_FR\/wp-json\/wp\/v2\/media\/4044"}],"wp:attachment":[{"href":"https:\/\/leavicens.com\/fr_FR\/wp-json\/wp\/v2\/media?parent=4041"}],"wp:term":[{"taxonomy":"category","embeddable":true,"href":"https:\/\/leavicens.com\/fr_FR\/wp-json\/wp\/v2\/categories?post=4041"},{"taxonomy":"post_tag","embeddable":true,"href":"https:\/\/leavicens.com\/fr_FR\/wp-json\/wp\/v2\/tags?post=4041"}],"curies":[{"name":"wp","href":"https:\/\/api.w.org\/{rel}","templated":true}]}}