{"id":4052,"date":"2018-08-25T00:52:27","date_gmt":"2018-08-24T22:52:27","guid":{"rendered":"http:\/\/leavicens.com\/?p=4052"},"modified":"2018-08-26T11:01:19","modified_gmt":"2018-08-26T09:01:19","slug":"lea-vicens-continua-descerrajando-puertas-grandes-almeria-dos-orejas","status":"publish","type":"post","link":"https:\/\/leavicens.com\/fr_FR\/lea-vicens-continua-descerrajando-puertas-grandes-almeria-dos-orejas\/","title":{"rendered":"L\u00c9A VICENS, CONTIN\u00daA DESCERRAJANDO PUERTAS GRANDES. ALMER\u00cdA, DOS OREJAS"},"content":{"rendered":"<p><img loading=\"lazy\" class=\"size-medium wp-image-4054 alignnone\" src=\"http:\/\/leavicens.com\/lvicens\/wp-content\/uploads\/2018\/08\/WhatsAppImage2018-08-25at23.47.30-300x225.jpeg\" alt=\"\" width=\"300\" height=\"225\" \/><img loading=\"lazy\" class=\"size-medium wp-image-4055 alignright\" src=\"http:\/\/leavicens.com\/lvicens\/wp-content\/uploads\/2018\/08\/WhatsAppImage2018-08-25at23.47.33-300x225.jpeg\" alt=\"\" width=\"300\" height=\"225\" \/><\/p>\n<p><a href=\"http:\/\/leavicens.com\/lvicens\/wp-content\/uploads\/2018\/08\/WhatsAppImage2018-08-25at23.47.30_1_.jpeg\"><img loading=\"lazy\" class=\"alignnone size-medium wp-image-4056\" src=\"http:\/\/leavicens.com\/lvicens\/wp-content\/uploads\/2018\/08\/WhatsAppImage2018-08-25at23.47.30_1_-232x300.jpeg\" alt=\"\" width=\"232\" height=\"300\" \/><\/a><a href=\"http:\/\/leavicens.com\/lvicens\/wp-content\/uploads\/2018\/08\/WhatsAppImage2018-08-25at23.48.55_1_.jpeg\"><img loading=\"lazy\" class=\"alignnone size-medium wp-image-4057\" src=\"http:\/\/leavicens.com\/lvicens\/wp-content\/uploads\/2018\/08\/WhatsAppImage2018-08-25at23.48.55_1_-225x300.jpeg\" alt=\"\" width=\"225\" height=\"300\" \/><\/a><a href=\"http:\/\/leavicens.com\/lvicens\/wp-content\/uploads\/2018\/08\/WhatsAppImage2018-08-25at23.48.53.jpeg\"><img loading=\"lazy\" class=\"alignnone size-medium wp-image-4058\" src=\"http:\/\/leavicens.com\/lvicens\/wp-content\/uploads\/2018\/08\/WhatsAppImage2018-08-25at23.48.53-224x300.jpeg\" alt=\"\" width=\"224\" height=\"300\" \/><\/a><\/p>\n<p style=\"text-align: center;\"><strong><em>\u201cL\u00e9a Vicens, espectacularidad y vistosidad en Almer\u00eda\u201d<\/em><\/strong><\/p>\n<p style=\"text-align: justify;\">Muchas ganas le puso<strong>\u00a0Lea Vicens<\/strong>\u00a0en la faena al quinto, un \u2018<strong>Capea<\/strong>\u2019 que tuvo viveza y movilidad al que le firm\u00f3 una labor de largo metraje en la que sac\u00f3 hasta cinco monturas diferentes. Espectacularidad y vistosidad que le vali\u00f3 cortar una\u00a0<strong>oreja<\/strong>, e incluso se le pidi\u00f3 con insistencia la segunda.<\/p>\n<p style=\"text-align: justify;\">Emocionante fue la faena de\u00a0<strong>Lea Vicens<\/strong>\u00a0al segundo, con el hierro de\u00a0<strong>Carmen Lorenzo<\/strong>, un buen toro con transmisi\u00f3n y movilidad al que recibi\u00f3 con un solo rej\u00f3n de castigo. Tuvo vibraci\u00f3n y efervescencia como lo condujo muy cosido a su grupa al hilo de las tablas brillando con \u2018<strong>B\u00e9tico<\/strong>\u2018, y tambi\u00e9n en las banderillas. Adem\u00e1s destac\u00f3 la rueda de cortas con \u2018<strong>Deseado<\/strong>\u2018. Tras dos pinchazos, mato con un rej\u00f3n y cort\u00f3 una\u00a0<strong>oreja<\/strong>.<\/p>\n<p style=\"text-align: left;\"><strong><em>Mundotoro.com:<\/em><\/strong><em> http:\/\/www.mundotoro.com\/noticia\/pablo-hermoso-lea-vicens-y-guillermo-hermoso-al-detalle-en-la-ultima-de-almeria\/1387329<\/em><\/p>\n<p style=\"text-align: justify;\"><em>\u00a0<\/em><\/p>\n<p style=\"text-align: center;\"><strong><em>\u201cExcelente doma y buena lidia de<\/em><\/strong><em> <strong>Lea Vicens\u201d<\/strong><\/em><\/p>\n<p style=\"text-align: justify;\">El segundo, de <strong>Carmen Lorenzo<\/strong>, fue complicado porque se meti\u00f3 siempre cerca de las tablas y se cruz\u00f3 mucho. Excelente doma y buena lidia de <strong>Lea Vicens<\/strong> a un toro nada f\u00e1cil. Muy destacada sobre <strong><em>B\u00e9tico.<\/em><\/strong> Aunque fall\u00f3 con los rejones de muerte y necesit\u00f3 dos pinchazos y un rej\u00f3n.<\/p>\n<p style=\"text-align: justify;\">El quinto fue un gran toro de <strong>El Capea<\/strong>, alegre, encastado e incansable en su acometida. Lea luci\u00f3 a su amplia cuadra con nota alta para<strong><em> Gacela. <\/em><\/strong>Tambi\u00e9n dejaron su huella <strong><em>Jazm\u00edn<\/em><\/strong> y <strong>Diluvio<\/strong>. El rej\u00f3n cay\u00f3 muy trasero.<\/p>\n<p style=\"text-align: left;\"><strong><em>Aplausos.com<\/em><\/strong><em>: https:\/\/www.aplausos.es\/noticia\/45456\/noticias\/los-rejoneadores-a-hombros-en-festejo-triunfal-de-cierre-en-almeria.html<\/em><\/p>\n<p>&nbsp;<\/p>\n<p style=\"text-align: center;\"><em><strong>\u00abLea cuaj\u00f3 con su buena doma y la facilidad mostrando su progreso\u00bb<\/strong><\/em><\/p>\n<p style=\"text-align: justify;\">El segundo, con el hierro de Carmen Lorenzo, fue otra cosa. Se meti\u00f3 mucho por los adentros y se cruz\u00f3 con las cabalgaduras.\u00a0<strong>Lea Vicens<\/strong>\u00a0se mostr\u00f3 como una buena lidiadora, tratando siempre de quitarle al animal sus querencias. Sobre\u00a0<em>B\u00e9tico<\/em>\u00a0corri\u00f3 a dos pistas con temple. No mat\u00f3 bien, pero su carisma hab\u00eda calado en el p\u00fablico que le premi\u00f3 con la oreja.<\/p>\n<p style=\"text-align: justify;\">El quinto fue un toro con gran movilidad. Tanta que lo castig\u00f3 con dos farpas. Sobre\u00a0<em>Gacela<\/em>\u00a0quebr\u00f3 la alegre embestida del llamado\u00a0<em>Jur\u00eddico<\/em>\u00a0con banderillas brillantes.\u00a0No se cans\u00f3 de embestir\u00a0el toro de Capea y Lea lo cuaj\u00f3 con su buena doma y la facilidad que le proporciona su progreso. Salieron\u00a0<em>Jazm\u00edn<\/em>\u00a0y\u00a0<em>Diluvio<\/em>como muestra de su excelente cuadra. El rej\u00f3n cay\u00f3 traser\u00edsimo, norma habitual en el toreo a caballo actual. La oreja le abri\u00f3 la puerta grande para salir con sus compa\u00f1eros de cartel.<\/p>\n<p style=\"text-align: justify;\"><em><strong>ElMundo.es:<\/strong>\u00a0http:\/\/www.elmundo.es\/cultura\/toros\/2018\/08\/25\/5b81cee0e5fdea793e8b45e9.html<\/em><\/p>\n<p>&nbsp;<\/p>\n<p style=\"text-align: justify;\"><strong><em>\u201cLa tarde ha estado marcada por el excelente nivel de toreo a caballo, donde cada rejoneador ha manifestado su gran concepto y personalidad\u201d\u00a0<\/em><\/strong><\/p>\n<p style=\"text-align: justify;\">Gran tarde de rejones la acontecida en en el\u00a0<strong>Coso de la Avenida de Vilches.\u00a0<\/strong>El festejo de rejones, a puesto el punto y final, a una excelente feria almeriense. Y es que, la terna ha cortado un total de ocho ap\u00e9ndices a una gran corrida del maestro\u00a0<strong>Pedro Guti\u00e9rrez Moya<\/strong>\u00a0y\u00a0<strong>Se\u00f1ora<\/strong>. Los astados de\u00a0<strong>&#8216;El Capea y Carmen Lorenzo<\/strong>, han colaborado para que\u00a0<strong>&#8216;Padre e Hijo&#8217;\u00a0<\/strong>empataran a trofeos cortados. Por su parte,<strong>\u00a0L\u00e9a Vicens,\u00a0<\/strong>cort\u00f3 una m\u00e1s una.<\/p>\n<p style=\"text-align: justify;\"><strong><em>Cultoro.com<\/em><\/strong><em>:http:\/\/www.cultoro.es\/festejos\/2018\/8\/25\/el-rejoneo-cierra-la-feria-por-la-puerta-grande-31958.html<\/em><\/p>\n<p style=\"text-align: justify;\"><em><u>FICHA DEL FESTEJO<\/u><\/em><\/p>\n<p style=\"text-align: justify;\">Plaza de toros de Almer\u00eda.<\/p>\n<p style=\"text-align: justify;\">S\u00e1bado 25 de agosto de 2018.<\/p>\n<p style=\"text-align: justify;\">Feria de la Virgen del Mar. Corrida de Rejones. \u00daltima de Feria.<\/p>\n<p style=\"text-align: justify;\">Entrada: Menos de media plaza.<\/p>\n<p style=\"text-align: justify;\">Tres toros deEl Capea\u00a0(1\u00ba, 4\u00ba y 5\u00ba), uno de Carmen Lorenzo (2\u00ba), y un utrero de\u00a0El Capea\u00a0(6\u00ba) y otro m\u00e1s de\u00a0Carmen Lorenzo\u00a0(3\u00ba). Todos bien presentados y de buen juego. Destacaron 5\u00ba y 6\u00ba de excelente comportamiento para rejones<\/p>\n<p style=\"text-align: justify;\">Pablo Hermoso de Mendoza; Oreja y Dos orejas.<\/p>\n<p style=\"text-align: justify;\"><strong>Lea Vicens<\/strong>; Oreja y Oreja.<\/p>\n<p style=\"text-align: justify;\">Guillermo Hermoso de Mendoza; Oreja y Dos orejas.<\/p>\n<p>&nbsp;<\/p>\n<p><em><span style=\"text-decoration: underline;\">Fotos:<\/span> Aplausos \/ Cultoro \/ Eduardo Porcuna\u00a0<\/em><\/p>\n<p style=\"text-align: justify;\"><em>\u00a0<\/em><\/p>\n","protected":false},"excerpt":{"rendered":"<p><img loading=\"lazy\" class=\"size-medium wp-image-4054 alignnone\" src=\"http:\/\/leavicens.com\/lvicens\/wp-content\/uploads\/2018\/08\/WhatsAppImage2018-08-25at23.47.30-300x225.jpeg\" alt=\"\" width=\"300\" height=\"225\" \/><img class=\"size-medium wp-image-4055 alignright\" src=\"htt...\n<\/p>\n","protected":false},"author":4,"featured_media":4053,"comment_status":"open","ping_status":"open","sticky":true,"template":"","format":"standard","meta":[],"categories":[20,1],"tags":[],"_links":{"self":[{"href":"https:\/\/leavicens.com\/fr_FR\/wp-json\/wp\/v2\/posts\/4052"}],"collection":[{"href":"https:\/\/leavicens.com\/fr_FR\/wp-json\/wp\/v2\/posts"}],"about":[{"href":"https:\/\/leavicens.com\/fr_FR\/wp-json\/wp\/v2\/types\/post"}],"author":[{"embeddable":true,"href":"https:\/\/leavicens.com\/fr_FR\/wp-json\/wp\/v2\/users\/4"}],"replies":[{"embeddable":true,"href":"https:\/\/leavicens.com\/fr_FR\/wp-json\/wp\/v2\/comments?post=4052"}],"version-history":[{"count":3,"href":"https:\/\/leavicens.com\/fr_FR\/wp-json\/wp\/v2\/posts\/4052\/revisions"}],"predecessor-version":[{"id":4062,"href":"https:\/\/leavicens.com\/fr_FR\/wp-json\/wp\/v2\/posts\/4052\/revisions\/4062"}],"wp:featuredmedia":[{"embeddable":true,"href":"https:\/\/leavicens.com\/fr_FR\/wp-json\/wp\/v2\/media\/4053"}],"wp:attachment":[{"href":"https:\/\/leavicens.com\/fr_FR\/wp-json\/wp\/v2\/media?parent=4052"}],"wp:term":[{"taxonomy":"category","embeddable":true,"href":"https:\/\/leavicens.com\/fr_FR\/wp-json\/wp\/v2\/categories?post=4052"},{"taxonomy":"post_tag","embeddable":true,"href":"https:\/\/leavicens.com\/fr_FR\/wp-json\/wp\/v2\/tags?post=4052"}],"curies":[{"name":"wp","href":"https:\/\/api.w.org\/{rel}","templated":true}]}}