{"id":4372,"date":"2019-01-28T22:54:16","date_gmt":"2019-01-28T21:54:16","guid":{"rendered":"http:\/\/leavicens.com\/?p=4372"},"modified":"2019-01-28T22:54:55","modified_gmt":"2019-01-28T21:54:55","slug":"lea-vicens-toreara-en-la-prestigiosa-feria-de-arles","status":"publish","type":"post","link":"https:\/\/leavicens.com\/fr_FR\/lea-vicens-toreara-en-la-prestigiosa-feria-de-arles\/","title":{"rendered":"L\u00c9A VICENS, TOREAR\u00c1 EN LA PRESTIGIOSA FERIA DE ARLES"},"content":{"rendered":"<p>&nbsp;<\/p>\n<ul style=\"text-align: justify;\">\n<li><strong style=\"font-style: inherit;\"><em><u>Lunes 22 de abril:<\/u><\/em><\/strong><em> (Matinal \u2013 Rejones)<\/em><\/li>\n<\/ul>\n<p style=\"text-align: justify;\"><span style=\"text-decoration: underline;\"><strong><em>Gdra: Los Espartales para Rui Fern\u00e1ndes, Diego Ventura y Lea Vicens.<\/em><\/strong><\/span><\/p>\n<p style=\"text-align: justify;\">La Empresa de Arles encabezada por\u00a0<strong style=\"font-style: inherit;\">Juan Bautista<\/strong>, fiel a su deseo de responder a todas las sensibilidades taurinas, ha presentado un prestigioso programa para esta temporada 2019, con carteles pensados para satisfacer a todos.<\/p>\n<p style=\"text-align: justify;\">Las figuras estar\u00e1n all\u00ed:\u00a0<strong style=\"font-style: inherit;\">Ponce, Manzanares, Castella, Perera<\/strong>, <strong>Ventura y L\u00e9a Vicens<\/strong>, \u00e9tc\u2026 Adem\u00e1s de ofrecer oportunidades a la nueva generaci\u00f3n de toreros como\u00a0<strong style=\"font-style: inherit;\">\u00c1lvaro Lorenzo<\/strong>. Seis novilleros, seis novillos franceses tambi\u00e9n estar\u00e1n en el pase\u00edllo. Para darle picante a este ciclo, continuar una historia hermosa y como s\u00edmbolo del eterno retorno que atormenta a cada torero, habr\u00e1 un retorno excepcional por una sola tarde, por un solo d\u00eda, con la estrella revolucionaria de los a\u00f1os 90:\u00a0<strong style=\"font-style: inherit;\">Chamaco<\/strong>,\u00a0tras 20 a\u00f1os sin vestirse de luces.<\/p>\n<p style=\"text-align: justify;\">Los carteles han quedado de esta forma:<\/p>\n<p style=\"text-align: justify;\"><strong style=\"font-style: inherit;\"><em><u>\u201cFeria de Pascua\u201d<\/u><\/em><\/strong><\/p>\n<p style=\"text-align: justify;\"><strong>Viernes 19 de abril:<\/strong><\/p>\n<p style=\"text-align: justify;\">Corrida camarguesa.<\/p>\n<p style=\"text-align: justify;\"><strong style=\"font-style: inherit;\">S\u00e1bado 20 de abril:<\/strong><\/p>\n<p style=\"text-align: justify;\">Toros de Garcigrande para Enrique Ponce, Jos\u00e9 Mar\u00eda Manzanares y \u00c1lvaro Lorenzo.<\/p>\n<p style=\"text-align: justify;\"><strong style=\"font-style: inherit;\">Domingo 21 de abril:<\/strong><\/p>\n<p style=\"text-align: justify;\">Matinal. Novillada con picadores. Novillos de los hierros de Francois Andr\u00e9, Le Larfet, Taurelle et fils, Domaine de M\u00e1laga, Giraud y Camino de Santiago para Tibo Garcia, Maxime Solera, Baptiste Cisse, Carlos Olsina, El Rafi y Adam Samira.<\/p>\n<p style=\"text-align: justify;\">Vespertino. Toros de Jandilla para Antonio Borrero\u00a0<em style=\"font-weight: inherit;\">Chamaco<\/em>, Sebasti\u00e1n Castella y Miguel \u00c1ngel Perera.<\/p>\n<ul>\n<li style=\"text-align: justify;\"><em><strong style=\"font-style: inherit;\">Lunes 22 de abril:<\/strong> (Matinal \u2013 Rejones)<\/em><\/li>\n<\/ul>\n<p style=\"text-align: justify;\"><span style=\"text-decoration: underline;\"><strong><em>Gdra: Los Espartales para Rui Fern\u00e1ndes, Diego Ventura y Lea Vicens.<\/em><\/strong><\/span><\/p>\n<p style=\"text-align: justify;\">Vespertino. Toros de Torrestrella, El Tajo y La Reina y Pedraza de Yeltes para Andy Younnes y Thomas Youbert.<\/p>\n<p style=\"text-align: justify;\"><strong style=\"font-style: inherit;\"><em><u>\u201cFeria del Arroz\u201d<\/u><\/em><\/strong><\/p>\n<p style=\"text-align: justify;\"><strong>S\u00e1bado 7 de septiembre:<\/strong><\/p>\n<p style=\"text-align: justify;\">Corrida Goyesca. Toros de los hierros de La Quinta, Domingo Hern\u00e1ndez, Zalduendo, Adolfo Mart\u00edn, N\u00fa\u00f1ez del Cuvillo y Jandilla para Juan Bautista y Andr\u00e9s Roca Rey en mano a mano.<\/p>\n<p style=\"text-align: justify;\"><strong style=\"font-style: inherit;\">Domingo 8 de septiembre:<\/strong><\/p>\n<p style=\"text-align: justify;\">Toros de Palha para Octavio Chac\u00f3n, Pepe Moral y un triunfador de la temporada de 2019.<\/p>\n","protected":false},"excerpt":{"rendered":"<p>&nbsp;<\/p>\n<ul style=\"text-align: justify;\">\n<li><strong style=\"font-style: inherit;\"><em><u>Lunes 22 de abril:<\/u><\/em><\/strong><em> (Matinal \u2013 Rejones)<\/em><\/li>\n<\/ul>\n<p style=\"text-align: justify;\"><span style=\"text-decoration: underline;\"><str...\n<\/p>\n","protected":false},"author":4,"featured_media":4375,"comment_status":"open","ping_status":"open","sticky":true,"template":"","format":"standard","meta":[],"categories":[20,1],"tags":[],"_links":{"self":[{"href":"https:\/\/leavicens.com\/fr_FR\/wp-json\/wp\/v2\/posts\/4372"}],"collection":[{"href":"https:\/\/leavicens.com\/fr_FR\/wp-json\/wp\/v2\/posts"}],"about":[{"href":"https:\/\/leavicens.com\/fr_FR\/wp-json\/wp\/v2\/types\/post"}],"author":[{"embeddable":true,"href":"https:\/\/leavicens.com\/fr_FR\/wp-json\/wp\/v2\/users\/4"}],"replies":[{"embeddable":true,"href":"https:\/\/leavicens.com\/fr_FR\/wp-json\/wp\/v2\/comments?post=4372"}],"version-history":[{"count":2,"href":"https:\/\/leavicens.com\/fr_FR\/wp-json\/wp\/v2\/posts\/4372\/revisions"}],"predecessor-version":[{"id":4377,"href":"https:\/\/leavicens.com\/fr_FR\/wp-json\/wp\/v2\/posts\/4372\/revisions\/4377"}],"wp:featuredmedia":[{"embeddable":true,"href":"https:\/\/leavicens.com\/fr_FR\/wp-json\/wp\/v2\/media\/4375"}],"wp:attachment":[{"href":"https:\/\/leavicens.com\/fr_FR\/wp-json\/wp\/v2\/media?parent=4372"}],"wp:term":[{"taxonomy":"category","embeddable":true,"href":"https:\/\/leavicens.com\/fr_FR\/wp-json\/wp\/v2\/categories?post=4372"},{"taxonomy":"post_tag","embeddable":true,"href":"https:\/\/leavicens.com\/fr_FR\/wp-json\/wp\/v2\/tags?post=4372"}],"curies":[{"name":"wp","href":"https:\/\/api.w.org\/{rel}","templated":true}]}}