{"id":4401,"date":"2019-02-02T22:01:32","date_gmt":"2019-02-02T21:01:32","guid":{"rendered":"http:\/\/leavicens.com\/?p=4401"},"modified":"2019-02-02T22:02:04","modified_gmt":"2019-02-02T21:02:04","slug":"lea-vicens-estara-en-la-gran-feria-de-castellon","status":"publish","type":"post","link":"https:\/\/leavicens.com\/fr_FR\/lea-vicens-estara-en-la-gran-feria-de-castellon\/","title":{"rendered":"L\u00c9A VICENS, ESTAR\u00c1 EN LA GRAN FERIA DE CASTELL\u00d3N"},"content":{"rendered":"<p style=\"text-align: center;\"><img loading=\"lazy\" class=\"size-medium wp-image-4402 aligncenter\" src=\"http:\/\/leavicens.com\/lvicens\/wp-content\/uploads\/2019\/02\/002-300x200.jpg\" alt=\"\" width=\"300\" height=\"200\" \/><em>Acto de presentaci\u00f3n\u00a0<\/em><\/p>\n<p style=\"text-align: justify;\">La empresa <strong>Gesti\u00f3n Universal de Espect\u00e1culos S.L<\/strong> ha hecho oficial el cartel de la <strong>Feria de la Magdalena de Castell\u00f3n 2019.<\/strong> El acto se ha celebrado en el <strong>Sal\u00f3n de Actos de la\u00a0Diputaci\u00f3n Provincial de Castell\u00f3n<\/strong> y ha contado con el representante de la empresa, <strong>Alberto Ram\u00edrez,<\/strong> que ha ido desgranando las combinaciones de una feria, que cuenta con la principal novedad de apostar por una corrida de toros m\u00e1s.<\/p>\n<p style=\"text-align: justify;\">Ser\u00e1n cinco corridas de toros, un festejo de rejones y dos novilladas en formato de clase pr\u00e1ctica cuya entrada ser\u00e1 gratuita.<\/p>\n<p style=\"text-align: justify;\">Los carteles son los siguientes:<\/p>\n<p style=\"text-align: justify;\">Domingo, 24 de marzo. Corrida de la Provincia. Toros de Adolfo Mart\u00edn para Paco Ramos, Abel Valls y Vicente Soler.<\/p>\n<ul style=\"text-align: justify;\">\n<li><em><strong>Lunes 25.<\/strong> <strong>Toros de Ferm\u00edn Boh\u00f3rquez para Andy Cartagena, Diego Ventura y Lea Vicens.<\/strong><\/em><\/li>\n<\/ul>\n<p style=\"text-align: justify;\">Jueves 28. Toros de El Pilar y Mois\u00e9s Fraile para El Cid, L\u00f3pez Sim\u00f3n y Rom\u00e1n.<\/p>\n<p style=\"text-align: justify;\">Viernes 29. Toros de Juan Pedro Domeca para El Fandi, Manzanares y Roca Rey.<\/p>\n<p style=\"text-align: justify;\">S\u00e1bado 30. Toros de Domingo Hern\u00e1ndez y Garcigrande para Morante, El Juli y Perera.<\/p>\n<p style=\"text-align: justify;\">Domingo 31. Toros de Hnos. Garc\u00eda Jim\u00e9nez y Olga Jim\u00e9nez para Enrique Ponce, Cayetano y Varea.<\/p>\n<p style=\"text-align: justify;\">Los carteles de las clases pr\u00e1cticas, con entrada gratuita, son estos:<\/p>\n<p style=\"text-align: justify;\">Martes 26. Clase pr\u00e1ctica. Novillos de Aida Jovan\u00ed para &#8211; Miguel Polope, Escuela de Tauromaquia de Valencia; Kevin Alcolado, Escuela Taurina de Alicante; Marcos Andreu, Escuela de Tauromaquia de Castell\u00f3n; Alejandro Pe\u00f1aranda, Escuela Taurina de Albacete: Julio Alguiar, Escuela Taurina de M\u00e1laga y Antoni Villalta, Escuela de Tauromaquia de Castell\u00f3n.<\/p>\n<p style=\"text-align: justify;\">Mi\u00e9rcoles 27. Clase pr\u00e1ctica. Novillos de Pablo Mayoral para Jorge Mart\u00ednez, Escuela Taurina de Almer\u00eda; Jorge Rivera, Escuela de Tauromaquia de Castell\u00f3n y El Ceci, Escuela de Tauromaquia de Castell\u00f3n.<\/p>\n<p style=\"text-align: justify;\"><strong>Alberto Ram\u00edrez<\/strong> ha manifestado:\u00a0<strong><em>\u201cCastell\u00f3n vuelve a ser otra vez un referente. Ya tenemos la semana de toros completa que busc\u00e1bamos, en la que est\u00e1n todas las figuras, ganader\u00edas de inter\u00e9s y toreros de la tierra. El p\u00fablico nos ha respaldado y es el que ha marcado el camino hasta llegar aqu\u00ed, con una feria como la que hemos presentado, que creo que es la m\u00e1s rematada de principio de temporada\u201d.<\/em><\/strong><\/p>\n<p style=\"text-align: justify;\">El Presidente de la <strong>Diputaci\u00f3n, Javier Moliner,<\/strong> ha estado respaldando el acto y ha mostrado una vez m\u00e1s, el compromiso de esta instituci\u00f3n con la fiesta de los toros, haciendo especial hincapi\u00e9 en la labor de la Escuela Taurina como un elemento clave del futuro de la Fiesta y la formaci\u00f3n de nuevos valores.<\/p>\n","protected":false},"excerpt":{"rendered":"<p style=\"text-align: center;\"><img loading=\"lazy\" class=\"size-medium wp-image-4402 aligncenter\" src=\"http:\/\/leavicens.com\/lvicens\/wp-content\/uploads\/2019\/02\/002-300x200.jpg\" alt=\"\" width=\"300\" height=\"200\" \/><em>Acto de presentaci\u00f3n\u00a0<\/em><\/p>\n<p style=\"text-align... \n\n","protected":false},"author":4,"featured_media":4403,"comment_status":"open","ping_status":"open","sticky":true,"template":"","format":"standard","meta":[],"categories":[20,1],"tags":[],"_links":{"self":[{"href":"https:\/\/leavicens.com\/fr_FR\/wp-json\/wp\/v2\/posts\/4401"}],"collection":[{"href":"https:\/\/leavicens.com\/fr_FR\/wp-json\/wp\/v2\/posts"}],"about":[{"href":"https:\/\/leavicens.com\/fr_FR\/wp-json\/wp\/v2\/types\/post"}],"author":[{"embeddable":true,"href":"https:\/\/leavicens.com\/fr_FR\/wp-json\/wp\/v2\/users\/4"}],"replies":[{"embeddable":true,"href":"https:\/\/leavicens.com\/fr_FR\/wp-json\/wp\/v2\/comments?post=4401"}],"version-history":[{"count":2,"href":"https:\/\/leavicens.com\/fr_FR\/wp-json\/wp\/v2\/posts\/4401\/revisions"}],"predecessor-version":[{"id":4405,"href":"https:\/\/leavicens.com\/fr_FR\/wp-json\/wp\/v2\/posts\/4401\/revisions\/4405"}],"wp:featuredmedia":[{"embeddable":true,"href":"https:\/\/leavicens.com\/fr_FR\/wp-json\/wp\/v2\/media\/4403"}],"wp:attachment":[{"href":"https:\/\/leavicens.com\/fr_FR\/wp-json\/wp\/v2\/media?parent=4401"}],"wp:term":[{"taxonomy":"category","embeddable":true,"href":"https:\/\/leavicens.com\/fr_FR\/wp-json\/wp\/v2\/categories?post=4401"},{"taxonomy":"post_tag","embeddable":true,"href":"https:\/\/leavicens.com\/fr_FR\/wp-json\/wp\/v2\/tags?post=4401"}],"curies":[{"name":"wp","href":"https:\/\/api.w.org\/{rel}","templated":true}]}}