{"id":4410,"date":"2019-02-04T22:43:29","date_gmt":"2019-02-04T21:43:29","guid":{"rendered":"http:\/\/leavicens.com\/?p=4410"},"modified":"2019-02-04T22:48:52","modified_gmt":"2019-02-04T21:48:52","slug":"lea-vicens-presente-el-la-celebre-feria-de-fallas-2019","status":"publish","type":"post","link":"https:\/\/leavicens.com\/fr_FR\/lea-vicens-presente-el-la-celebre-feria-de-fallas-2019\/","title":{"rendered":"L\u00c9A VICENS, PRESENTE EL LA CELEBRE FERIA DE FALLAS 2019"},"content":{"rendered":"<p style=\"text-align: center;\"><img loading=\"lazy\" class=\"size-medium wp-image-4411 aligncenter\" src=\"http:\/\/leavicens.com\/lvicens\/wp-content\/uploads\/2019\/02\/IMG_6846-300x225.jpg\" alt=\"\" width=\"300\" height=\"225\" \/><em>Acto de presentaci\u00f3n<\/em><\/p>\n<p>&nbsp;<\/p>\n<p style=\"text-align: center;\"><strong><em>\u201cOcho corridas de toros, una corrida de rejones, tres novilladas con picadores y otra sin caballos conforman el abono\u201d<\/em><\/strong><\/p>\n<ul>\n<li><strong><em><u>Martes 19 de marzo:<\/u><\/em><\/strong><em><u>(Matinal &#8211; 11:30 horas)<\/u><\/em><\/li>\n<\/ul>\n<p><strong><em>Toros de Ferm\u00edn Boh\u00f3rquez para Sergio Gal\u00e1n, Leonardo Hern\u00e1ndez y Lea Vicens.<\/em><\/strong><\/p>\n<p>&nbsp;<\/p>\n<p style=\"text-align: justify;\">La empresa de la plaza de toros de Valencia, <strong>Sim\u00f3n Casas Production<\/strong>, <strong>ha presentado oficialmente<\/strong> este lunes, 4 de febrero, los carteles de las <strong>Ferias Taurinas de Falla<\/strong>s y <strong>Virgen de los Desamparados<\/strong> en un brillante acto celebrado en el <strong>Centro Cultural La Beneficencia<\/strong>, con asistencia de algunos de los toreros y ganaderos anunciados, <strong><em>junto al presidente de la Diputaci\u00f3n de Valencia y numerosos rostros populares de la cultura y la sociedad valencianas<\/em><\/strong><\/p>\n<p>La programaci\u00f3n presenta las siguientes combinaciones:<\/p>\n<p><strong><u>FERIA DE FALLAS<\/u><\/strong><\/p>\n<p style=\"text-align: justify;\">S\u00e1bado, 9 de marzo:\u00a0Erales de Daniel Ramos para Jes\u00fas Moreno, de la Escuela de Albacete; Miguel Polope, de la Escuela de Tauromaquia de Valencia; Rafael Le\u00f3n, de la Escuela de M\u00e1laga; Jordi San Jos\u00e9, de la Escuela de Tauromaquia de Valencia; Jorge Mart\u00ednez, de la Escuela de Almer\u00eda; y Emiliano Robledo, de la Escuela de Aguascalientes-ETMSA.<\/p>\n<p style=\"text-align: justify;\">Domingo 10:\u00a0Toros de Victorino Mart\u00edn para Rafaelillo, Octavio Chac\u00f3n y Fortes.<\/p>\n<p style=\"text-align: justify;\">Lunes 11:\u00a0Novillos de Guadajira para Juan Cervera, \u00c1ngel T\u00e9llez y Francisco de Manuel.<\/p>\n<p style=\"text-align: justify;\">Martes 12:\u00a0Novillos de El Parralejo para Diego San Rom\u00e1n, Miguel Senent \u201cMiguelito\u201d y Borja Collado.<\/p>\n<p style=\"text-align: justify;\">Mi\u00e9rcoles 13:\u00a0Toros de Alcurruc\u00e9n para \u00c1lvaro Lorenzo, Luis David y Pablo Aguado.<\/p>\n<p style=\"text-align: justify;\">Jueves 14:\u00a0Toros de Zalduendo para Antonio Ferrera, El Fandi y L\u00f3pez Sim\u00f3n.<\/p>\n<p style=\"text-align: justify;\">Viernes 15:\u00a0Toros de Victoriano del R\u00edo y Toros de Cort\u00e9s para El Juli, Roca Rey y Jes\u00fas Chover, que tomar\u00e1 la alternativa.<\/p>\n<p style=\"text-align: justify;\">S\u00e1bado 16:\u00a0Toros de Juan Pedro Domecq para Enrique Ponce, Manzanares y Paco Ure\u00f1a.<\/p>\n<p style=\"text-align: justify;\">Domingo 17:\u00a0Toros de Jandilla y Vegahermosa para Diego Urdiales, Sebasti\u00e1n Castella y Cayetano.<\/p>\n<p style=\"text-align: justify;\">Lunes 18:\u00a0Dos toros de Los Espartales, para rejones, y cuatro de Hnos. Garc\u00eda Jim\u00e9nez y Olga Jim\u00e9nez para el rejoneador Diego Ventura, Enrique Ponce y To\u00f1ete. Sobresaliente: V\u00edctor Manuel Bl\u00e1zquez.<\/p>\n<ul style=\"text-align: justify;\">\n<li><strong><em><u>Martes 19 de marzo:<\/u><\/em><\/strong><em><u>(Matinal &#8211; 11:30 horas)<\/u><\/em><\/li>\n<\/ul>\n<p style=\"text-align: justify;\"><strong><em>Toros de Ferm\u00edn Boh\u00f3rquez para Sergio Gal\u00e1n, Leonardo Hern\u00e1ndez y Lea Vicens.<\/em><\/strong><\/p>\n<p style=\"text-align: justify;\">Martes 19:\u00a0Toros de Fuente Ymbro para Emilio de Justo, Rom\u00e1n y Gin\u00e9s Mar\u00edn.<\/p>\n<p style=\"text-align: justify;\"><strong><u>FESTIVIDAD DE LA VIRGEN<\/u><\/strong><\/p>\n<p style=\"text-align: justify;\">S\u00e1bado, 11 de mayo:\u00a0Novillos de Montealto para Adrien Salenc, Marcos y el novillero valenciano triunfador de las Fallas.<\/p>\n<p style=\"text-align: justify;\"><strong><u>FESTEJOS POPULARES<\/u><\/strong><\/p>\n<p style=\"text-align: justify;\">Fuera de abono hay programados tres festejos populares, organizados por Toropasi\u00f3n. Son estos:<\/p>\n<p style=\"text-align: justify;\">Domingo, 10 de marzo:\u00a0A las 11:00 horas. Campeonato de Espa\u00f1a de Recortes de Toros.<\/p>\n<p style=\"text-align: justify;\">Viernes 15:\u00a0A las 22:30 horas. Concurso de ganader\u00edas con las doce mejores.<\/p>\n<p style=\"text-align: justify;\">Domingo 17:\u00a0A las 11 horas. XXIV Concurso Nacional de Recortes.<\/p>\n<p style=\"text-align: justify;\"><strong><u>HOMENAJE A MORATALLA BARBA<\/u><\/strong><\/p>\n<p style=\"text-align: justify;\">El cartel que ilustra las combinaciones rinde homenaje al pintor y fot\u00f3grafo Enrique Moratalla Barba, fallecido el pasado mes de noviembre. La obra representa un torero vestido con un terno azabache y con el capote de paseo al hombro.<\/p>\n<p style=\"text-align: center;\"><a href=\"http:\/\/leavicens.com\/lvicens\/wp-content\/uploads\/2019\/02\/Dylo67wXcAErXDR.jpg\"><img loading=\"lazy\" class=\"alignnone size-medium wp-image-4415\" src=\"http:\/\/leavicens.com\/lvicens\/wp-content\/uploads\/2019\/02\/Dylo67wXcAErXDR-113x300.jpg\" alt=\"\" width=\"113\" height=\"300\" \/><\/a><\/p>\n","protected":false},"excerpt":{"rendered":"<p style=\"text-align: center;\"><img loading=\"lazy\" class=\"size-medium wp-image-4411 aligncenter\" src=\"http:\/\/leavicens.com\/lvicens\/wp-content\/uploads\/2019\/02\/IMG_6846-300x225.jpg\" alt=\"\" width=\"300\" height=\"225\" \/><em>Acto de presentaci\u00f3n<\/em><\/p>\n<p>&nbsp;<\/p>\n<p style... \n\n","protected":false},"author":4,"featured_media":4412,"comment_status":"open","ping_status":"open","sticky":true,"template":"","format":"standard","meta":[],"categories":[20,1],"tags":[],"_links":{"self":[{"href":"https:\/\/leavicens.com\/fr_FR\/wp-json\/wp\/v2\/posts\/4410"}],"collection":[{"href":"https:\/\/leavicens.com\/fr_FR\/wp-json\/wp\/v2\/posts"}],"about":[{"href":"https:\/\/leavicens.com\/fr_FR\/wp-json\/wp\/v2\/types\/post"}],"author":[{"embeddable":true,"href":"https:\/\/leavicens.com\/fr_FR\/wp-json\/wp\/v2\/users\/4"}],"replies":[{"embeddable":true,"href":"https:\/\/leavicens.com\/fr_FR\/wp-json\/wp\/v2\/comments?post=4410"}],"version-history":[{"count":4,"href":"https:\/\/leavicens.com\/fr_FR\/wp-json\/wp\/v2\/posts\/4410\/revisions"}],"predecessor-version":[{"id":4417,"href":"https:\/\/leavicens.com\/fr_FR\/wp-json\/wp\/v2\/posts\/4410\/revisions\/4417"}],"wp:featuredmedia":[{"embeddable":true,"href":"https:\/\/leavicens.com\/fr_FR\/wp-json\/wp\/v2\/media\/4412"}],"wp:attachment":[{"href":"https:\/\/leavicens.com\/fr_FR\/wp-json\/wp\/v2\/media?parent=4410"}],"wp:term":[{"taxonomy":"category","embeddable":true,"href":"https:\/\/leavicens.com\/fr_FR\/wp-json\/wp\/v2\/categories?post=4410"},{"taxonomy":"post_tag","embeddable":true,"href":"https:\/\/leavicens.com\/fr_FR\/wp-json\/wp\/v2\/tags?post=4410"}],"curies":[{"name":"wp","href":"https:\/\/api.w.org\/{rel}","templated":true}]}}