{"id":4420,"date":"2019-02-07T20:29:14","date_gmt":"2019-02-07T19:29:14","guid":{"rendered":"http:\/\/leavicens.com\/?p=4420"},"modified":"2019-02-08T20:39:11","modified_gmt":"2019-02-08T19:39:11","slug":"lea-vicens-se-anuncia-en-un-festival-benefico-en-la-isla-de-san-fernando","status":"publish","type":"post","link":"https:\/\/leavicens.com\/fr_FR\/lea-vicens-se-anuncia-en-un-festival-benefico-en-la-isla-de-san-fernando\/","title":{"rendered":"L\u00c9A VICENS, PARTICIPAR\u00c1 EN UN FESTIVAL BEN\u00c9FICO EN SAN ROQUE &#8211; C\u00c1DIZ"},"content":{"rendered":"<p style=\"text-align: justify;\">La localidad gaditana de\u00a0<strong>San Roque<\/strong>\u00a0ha anunciado por primera vez en a\u00f1os un espect\u00e1culo taurino fuera de su tradicional\u00a0<strong>Feria de Agosto<\/strong>.\u00a0Con la inestimable colaboraci\u00f3n del\u00a0<strong>Excelent\u00edsimo Ayuntamiento de San Roque<\/strong>,\u00a0 junto con la\u00a0<strong>\u2018Venerable Cofrad\u00eda de Padre Jes\u00fas en la Oraci\u00f3n en el Huerto y Mar\u00eda Sant\u00edsima del Mayor Dolor\u2019<\/strong>\u00a0y la\u00a0<strong>\u2018Venerable Hermandad de Penitencia del Stmo. Cristo de la Buena Muerte y Maria Sant\u00edsima de la Amargura\u2019<\/strong>, la empresa\u00a0<strong>Grupo Viento Bravo<\/strong>\u00a0ha programado un festival para el pr\u00f3ximo 3 de marzo, a las 12:00 horas.<\/p>\n<p style=\"text-align: justify;\"><strong><em><u>Domingo 3 de marzo<\/u><\/em><\/strong><strong><u>:<\/u><\/strong><strong>\u00a0<\/strong><\/p>\n<p style=\"text-align: justify;\"><strong><em>Lea Vicens<\/em><\/strong><em>,\u00a0<strong>Finito de C\u00f3rdoba<\/strong>,<strong>\u00a0Cayetano<\/strong>,\u00a0<strong>Daniel Luque<\/strong>,\u00a0<strong>Pablo Aguado<\/strong>\u00a0y el novillero<strong>\u00a0Manuel Ponce<\/strong>\u00a0(Astados de\u00a0<strong>Prieto de la Cal,<\/strong>\u00a0para rejones, y\u00a0<strong>Ave Mar\u00eda <\/strong>para a pie).<\/em><\/p>\n<p style=\"text-align: center;\"><a href=\"http:\/\/leavicens.com\/lvicens\/wp-content\/uploads\/2019\/02\/3fe04e4e-4853-4d87-a82e-9843b81f28b1.jpg\"><img loading=\"lazy\" class=\"alignnone size-medium wp-image-4421\" src=\"http:\/\/leavicens.com\/lvicens\/wp-content\/uploads\/2019\/02\/3fe04e4e-4853-4d87-a82e-9843b81f28b1-203x300.jpg\" alt=\"\" width=\"203\" height=\"300\" \/><\/a><\/p>\n","protected":false},"excerpt":{"rendered":"<p style=\"text-align: justify;\">La localidad gaditana de\u00a0<strong>San Roque<\/strong>\u00a0ha anunciado por primera vez en a\u00f1os un espect\u00e1culo taurino fuera de su tradicional\u00a0<strong>Feria de Agosto<\/strong>.\u00a0Con la inestimable colaboraci\u00f3n del\u00a0<strong>Exce&#8230;<\/p>\n","protected":false},"author":4,"featured_media":4422,"comment_status":"open","ping_status":"open","sticky":true,"template":"","format":"standard","meta":[],"categories":[20,1],"tags":[],"_links":{"self":[{"href":"https:\/\/leavicens.com\/fr_FR\/wp-json\/wp\/v2\/posts\/4420"}],"collection":[{"href":"https:\/\/leavicens.com\/fr_FR\/wp-json\/wp\/v2\/posts"}],"about":[{"href":"https:\/\/leavicens.com\/fr_FR\/wp-json\/wp\/v2\/types\/post"}],"author":[{"embeddable":true,"href":"https:\/\/leavicens.com\/fr_FR\/wp-json\/wp\/v2\/users\/4"}],"replies":[{"embeddable":true,"href":"https:\/\/leavicens.com\/fr_FR\/wp-json\/wp\/v2\/comments?post=4420"}],"version-history":[{"count":3,"href":"https:\/\/leavicens.com\/fr_FR\/wp-json\/wp\/v2\/posts\/4420\/revisions"}],"predecessor-version":[{"id":4426,"href":"https:\/\/leavicens.com\/fr_FR\/wp-json\/wp\/v2\/posts\/4420\/revisions\/4426"}],"wp:featuredmedia":[{"embeddable":true,"href":"https:\/\/leavicens.com\/fr_FR\/wp-json\/wp\/v2\/media\/4422"}],"wp:attachment":[{"href":"https:\/\/leavicens.com\/fr_FR\/wp-json\/wp\/v2\/media?parent=4420"}],"wp:term":[{"taxonomy":"category","embeddable":true,"href":"https:\/\/leavicens.com\/fr_FR\/wp-json\/wp\/v2\/categories?post=4420"},{"taxonomy":"post_tag","embeddable":true,"href":"https:\/\/leavicens.com\/fr_FR\/wp-json\/wp\/v2\/tags?post=4420"}],"curies":[{"name":"wp","href":"https:\/\/api.w.org\/{rel}","templated":true}]}}