{"id":4474,"date":"2019-02-14T23:46:31","date_gmt":"2019-02-14T22:46:31","guid":{"rendered":"http:\/\/leavicens.com\/?p=4474"},"modified":"2019-02-14T23:52:52","modified_gmt":"2019-02-14T22:52:52","slug":"lea-vicens-en-el-importante-festival-de-alcala-del-rio-sevilla","status":"publish","type":"post","link":"https:\/\/leavicens.com\/fr_FR\/lea-vicens-en-el-importante-festival-de-alcala-del-rio-sevilla\/","title":{"rendered":"L\u00c9A VICENS, EN EL IMPORTANTE FESTIVAL DE ALCAL\u00c1 DEL R\u00cdO &#8211; SEVILLA"},"content":{"rendered":"<div class=\"comparte_noticia\">\n<div class=\"social\">\n<p><span style=\"text-align: justify;\">La localidad sevillana de Alcal\u00e1 del R\u00edo ha organizado un festival taurino que tendr\u00e1 lugar el pr\u00f3ximo jueves 28 de febrero.<\/span><\/p>\n<\/div>\n<\/div>\n<div id=\"textoNoticia\" class=\"texto\">\n<p style=\"text-align: justify;\">El cartel est\u00e1 compuesto por <strong>Lea Vicens<\/strong>, los espadas <strong>Julio Aparicio<\/strong>, que har\u00e1 su reaparici\u00f3n, <strong>V\u00edctor Puerto, Salvador Cort\u00e9s<\/strong> y el novillero <strong>Kevin de Luis<\/strong>. Estoquear\u00e1n astados de <strong>Soto de la Fuente, Los Azores, Juan Pedro Domecq<\/strong> y <strong>Fuentespino.<\/strong><\/p>\n<ul style=\"text-align: justify;\">\n<li><span style=\"text-decoration: underline;\"><em><strong>Jueves, 28 de febrero de 2019: (16:30 horas)<\/strong><\/em><\/span><\/li>\n<\/ul>\n<p style=\"text-align: justify;\"><em>Astados de <strong>Soto de la Fuente, Los Azores, Juan Pedro Domecq<\/strong> y <strong>Fuentespino, <\/strong>para\u00a0<strong>Lea Vicens,<\/strong> <strong>Julio Aparicio, V\u00edctor Puerto, Salvador Cort\u00e9s <\/strong>y el novillero <strong>Kevin de Luis.\u00a0<\/strong><\/em><\/p>\n<p><img loading=\"lazy\" class=\"size-medium wp-image-4477 aligncenter\" src=\"http:\/\/leavicens.com\/lvicens\/wp-content\/uploads\/2019\/02\/Cartel-de-Lora_9-3-19-203x300.jpg\" alt=\"\" width=\"203\" height=\"300\" \/><\/p>\n<p>&nbsp;<\/p>\n<\/div>\n","protected":false},"excerpt":{"rendered":"<div class=\"comparte_noticia\">\n<div class=\"social\">\n<p><span style=\"text-align: justify;\">La localidad sevillana de Alcal\u00e1 del R\u00edo ha organizado un festival taurino que tendr\u00e1 lugar el pr\u00f3ximo jueves 28 de febrero.<\/span><\/p>\n<\/div>\n<\/div>\n<div id=... \n\n","protected":false},"author":4,"featured_media":4475,"comment_status":"open","ping_status":"open","sticky":true,"template":"","format":"standard","meta":[],"categories":[20,1],"tags":[],"_links":{"self":[{"href":"https:\/\/leavicens.com\/fr_FR\/wp-json\/wp\/v2\/posts\/4474"}],"collection":[{"href":"https:\/\/leavicens.com\/fr_FR\/wp-json\/wp\/v2\/posts"}],"about":[{"href":"https:\/\/leavicens.com\/fr_FR\/wp-json\/wp\/v2\/types\/post"}],"author":[{"embeddable":true,"href":"https:\/\/leavicens.com\/fr_FR\/wp-json\/wp\/v2\/users\/4"}],"replies":[{"embeddable":true,"href":"https:\/\/leavicens.com\/fr_FR\/wp-json\/wp\/v2\/comments?post=4474"}],"version-history":[{"count":2,"href":"https:\/\/leavicens.com\/fr_FR\/wp-json\/wp\/v2\/posts\/4474\/revisions"}],"predecessor-version":[{"id":4479,"href":"https:\/\/leavicens.com\/fr_FR\/wp-json\/wp\/v2\/posts\/4474\/revisions\/4479"}],"wp:featuredmedia":[{"embeddable":true,"href":"https:\/\/leavicens.com\/fr_FR\/wp-json\/wp\/v2\/media\/4475"}],"wp:attachment":[{"href":"https:\/\/leavicens.com\/fr_FR\/wp-json\/wp\/v2\/media?parent=4474"}],"wp:term":[{"taxonomy":"category","embeddable":true,"href":"https:\/\/leavicens.com\/fr_FR\/wp-json\/wp\/v2\/categories?post=4474"},{"taxonomy":"post_tag","embeddable":true,"href":"https:\/\/leavicens.com\/fr_FR\/wp-json\/wp\/v2\/tags?post=4474"}],"curies":[{"name":"wp","href":"https:\/\/api.w.org\/{rel}","templated":true}]}}