{"id":4518,"date":"2019-02-28T22:00:16","date_gmt":"2019-02-28T21:00:16","guid":{"rendered":"http:\/\/leavicens.com\/?p=4518"},"modified":"2019-03-25T21:38:25","modified_gmt":"2019-03-25T20:38:25","slug":"lea-vicens-importante-oreja-en-el-festival-de-alcala-del-rio-sevilla","status":"publish","type":"post","link":"https:\/\/leavicens.com\/fr_FR\/lea-vicens-importante-oreja-en-el-festival-de-alcala-del-rio-sevilla\/","title":{"rendered":"L\u00c9A VICENS, IMPORTANTE OREJA EN EL FESTIVAL DE ALCAL\u00c1 DEL R\u00cdO &#8211; SEVILLA"},"content":{"rendered":"<p>&nbsp;<\/p>\n<p style=\"text-align: center;\"><strong>&#8216;Un festival de altos vuelos el vivido en la coqueta plaza de\u00a0Alcal\u00e1 del R\u00edo&#8217;<\/strong><\/p>\n<p style=\"text-align: justify;\"><strong>L\u00e9a Vicens.\u00a0<\/strong>Buena actuaci\u00f3n de la rejoneadora francesa afincada en\u00a0<strong>Sevilla<\/strong>, con el novillo de\u00a0<strong>Soto de la Fuente<\/strong>\u00a0que fue de m\u00e1s a menos. <strong>Lea<\/strong> ofreci\u00f3 una elegante y enrazada labor. Cort\u00f3 una oreja tras atascarse con el rej\u00f3n.<\/p>\n<p><em><strong><span style=\"text-decoration: underline;\">Cultoro.com:<\/span>\u00a0<\/strong><\/em><\/p>\n<p style=\"text-align: justify;\"><span style=\"font-style: oblique;\">https:\/\/www.cultoro.es\/festejos\/2019\/2\/28\/animado-festival-en-alcala-del-rio-34661.html<\/span><\/p>\n<p>&nbsp;<\/p>\n<p style=\"text-align: center;\"><em><strong>\u00abLo m\u00e1s importante, el nivel mostrado por Lea Vicens, muy alto\u00bb<\/strong><\/em><\/p>\n<p style=\"text-align: justify;\">Por delante hab\u00eda rejoneado una <strong>L\u00e9a Vicens<\/strong> que atraviesa un momento muy dulce. Son semanas de probar potros y de rodar a caballos en la cara del toro pero a\u00fan as\u00ed Lea est\u00e1 brillando en cada festejo. Le sirvi\u00f3 el novillo de Soto de la Fuente -colaborador- y volvi\u00f3 a sacar a un\u00a0<strong><em>\u00abDILUVIO\u00bb<\/em><\/strong>\u00a0que apunta alto. Sobre <strong>\u00ab<em>DIAMANTE\u00bb<\/em><\/strong>\u00a0y <strong>\u00ab<em>DESEADO<\/em>\u00ab<\/strong> culmin\u00f3 el n\u00facleo de una faena merecedora de los m\u00e1ximos trofeos. Clav\u00f3 muy de frente, arriba y reunido siempre. Lleg\u00f3 la rejoneadora y se lo dej\u00f3 llegar. Bien en los terrenos y en las distancias, perdi\u00f3 con el rej\u00f3n de muerte un triunfo grande. Lo m\u00e1s importante, el nivel mostrado por <strong>L\u00e9a Vicens<\/strong>, muy alto.<\/p>\n<p><span style=\"text-decoration: underline;\"><em><strong>Toros en Sevilla:<\/strong><\/em><\/span><\/p>\n<p><em>https:\/\/torosensevilla.blogspot.com\/2019\/02\/clase-magistral-de-victor-puerto-y-rabo.html?m=1<\/em><\/p>\n<p>&nbsp;<\/p>\n<p><strong><u>FICHA DEL FESTEJO<\/u><\/strong><\/p>\n<p>Jueves, 28 de febrero de 2019.<\/p>\n<p>Plaza de Toros de\u00a0Alcal\u00e1 del R\u00edo \/ Sevilla. Tarde de agradable temperatura.<\/p>\n<p>Entrada:\u00a0Tres cuartos de plaza.<\/p>\n<p style=\"text-align: justify;\"><strong>&#8216;Festival Mixto&#8217;\u00a0<\/strong>con picadores donde se han lidiado reses de las ganader\u00edas de\u00a0Soto de la Fuente, Los Azores\u00a0(2),\u00a0Juan Pedro Domecqy\u00a0Fuentespino. Correctos de presentaci\u00f3n, nobles de condici\u00f3n y manejables en conjunto.<\/p>\n<p><strong>L\u00e9a Vicens;<\/strong>\u00a0Oreja.<\/p>\n<p>Julio Aparicio;\u00a0Palmas.<\/p>\n<p>V\u00edctor Puerto;\u00a0Dos orejas.<\/p>\n<p>Salvador Cortes;\u00a0Oreja.<\/p>\n<p>Kevin de Luis;\u00a0Dos orejas y rabo.<\/p>\n<p>&nbsp;<\/p>\n<p><span style=\"text-decoration: underline;\"><em>Fotos: Antonio S\u00e1nchez<\/em><\/span><\/p>\n<p>&nbsp;<\/p>\n<p>&nbsp;<\/p>\n<p>&nbsp;<\/p>\n","protected":false},"excerpt":{"rendered":"<p><img loading=\"lazy\" class=\"size-medium wp-image-4519 alignleft\" src=\"http:\/\/leavicens.com\/lvicens\/wp-content\/uploads\/2019\/03\/IMG_8799-300x200.jpg\" alt=\"\" width=\"300\" height=\"200\" \/><a href=\"http:\/\/leavicens.com\/lvicens\/wp-content\/uploads\/2019\/03\/IMG_8820-crop.jpg\">&#8230;<\/p>\n","protected":false},"author":4,"featured_media":4523,"comment_status":"open","ping_status":"open","sticky":true,"template":"","format":"standard","meta":[],"categories":[20,1],"tags":[],"_links":{"self":[{"href":"https:\/\/leavicens.com\/fr_FR\/wp-json\/wp\/v2\/posts\/4518"}],"collection":[{"href":"https:\/\/leavicens.com\/fr_FR\/wp-json\/wp\/v2\/posts"}],"about":[{"href":"https:\/\/leavicens.com\/fr_FR\/wp-json\/wp\/v2\/types\/post"}],"author":[{"embeddable":true,"href":"https:\/\/leavicens.com\/fr_FR\/wp-json\/wp\/v2\/users\/4"}],"replies":[{"embeddable":true,"href":"https:\/\/leavicens.com\/fr_FR\/wp-json\/wp\/v2\/comments?post=4518"}],"version-history":[{"count":4,"href":"https:\/\/leavicens.com\/fr_FR\/wp-json\/wp\/v2\/posts\/4518\/revisions"}],"predecessor-version":[{"id":4639,"href":"https:\/\/leavicens.com\/fr_FR\/wp-json\/wp\/v2\/posts\/4518\/revisions\/4639"}],"wp:featuredmedia":[{"embeddable":true,"href":"https:\/\/leavicens.com\/fr_FR\/wp-json\/wp\/v2\/media\/4523"}],"wp:attachment":[{"href":"https:\/\/leavicens.com\/fr_FR\/wp-json\/wp\/v2\/media?parent=4518"}],"wp:term":[{"taxonomy":"category","embeddable":true,"href":"https:\/\/leavicens.com\/fr_FR\/wp-json\/wp\/v2\/categories?post=4518"},{"taxonomy":"post_tag","embeddable":true,"href":"https:\/\/leavicens.com\/fr_FR\/wp-json\/wp\/v2\/tags?post=4518"}],"curies":[{"name":"wp","href":"https:\/\/api.w.org\/{rel}","templated":true}]}}