{"id":4528,"date":"2019-03-03T18:30:00","date_gmt":"2019-03-03T17:30:00","guid":{"rendered":"http:\/\/leavicens.com\/?p=4528"},"modified":"2019-03-03T18:37:15","modified_gmt":"2019-03-03T17:37:15","slug":"lea-vicens-en-un-gran-cartel-en-cieza-murcia-que-abrira-la-temporada","status":"publish","type":"post","link":"https:\/\/leavicens.com\/fr_FR\/lea-vicens-en-un-gran-cartel-en-cieza-murcia-que-abrira-la-temporada\/","title":{"rendered":"L\u00c9A VICENS, EN UN GRAN CARTEL EN CIEZA (MURCIA) QUE ABRIR\u00c1 LA TEMPORADA"},"content":{"rendered":"<p style=\"text-align: justify;\">La empresa\u00a0Toros Sureste comienza su andadura en la Plaza de Toros de Cieza, &#8216;La Deseada&#8217;,\u00a0con un rematado festejo de rejones para el pr\u00f3ximo d\u00eda 17 de marzo. El cartel de esta corrida\u00a0fue anunciado esta ma\u00f1ana por el empresario \u00c1ngel Bernal en un acto celebrado en el Patio de Caballos de la plaza de toros al que asistieron medios de comunicaci\u00f3n y numerosos aficionados de esta localidad.<\/p>\n<p><em><strong>* <\/strong><\/em><span style=\"text-decoration: underline;\"><em><strong>Domingo\u00a0<\/strong><strong>17 de marzo:<\/strong><\/em><\/span><em><strong> (17:00 Horas)<\/strong><\/em><\/p>\n<p style=\"text-align: justify;\"><em><strong>Andy Cartagena<\/strong>,\u00a0<strong>Sergio Gal\u00e1n<\/strong>\u00a0y\u00a0<strong>Lea Vicens<\/strong>, que lidiar\u00e1n una corrida de <strong>Manuel Santiago &#8216;El Canario&#8217;.<\/strong><strong>\u00a0<\/strong><\/em><\/p>\n<p style=\"text-align: justify;\">En su intervenci\u00f3n, \u00c1ngel Bernal agradeci\u00f3 a la propiedad de la plaza, la familia L\u00f3pez, el magn\u00edfico estado de conservaci\u00f3n del coso\u00a0ciezano, \u201cya que es muy duro cuando no se cuenta con organismos que ayuden o subvencionen ese mantenimiento\u201d, dijo.<\/p>\n<p style=\"text-align: justify;\">El empresario inform\u00f3 que, por primera vez en Cieza, se digitalizar\u00e1 la venta de entradas, del mismo modo que ya se hace en la plaza de toros de Murcia, con un sistema inform\u00e1tico que permitir\u00e1 la venta de entradas online, a trav\u00e9s de la web\u00a0www.toroscieza.com.<\/p>\n<p style=\"text-align: justify;\">En este acto de presentaci\u00f3n, moderado por el periodista murciano Jos\u00e9 Francisco Bayona, acompa\u00f1aron al empresario la concejala de Educaci\u00f3n del Ayuntamiento de Cieza, Manuela Fern\u00e1ndez, y Carlos L\u00f3pez, representado a la propiedad de La Deseada, que expres\u00f3 orgullo por contar con una empresa como Toros Sureste en la organizaci\u00f3n de los festejos taurinos en Cieza. Un buen n\u00famero de aficionados asistieron con expectaci\u00f3n al acto de presentaci\u00f3n de esta nueva etapa para la plaza de Cieza.<\/p>\n<p style=\"text-align: justify;\">La venta de entradas en la plaza de toros comenzar\u00e1 el 8 de marzo y se pueden realizar reservas a trav\u00e9s del tel\u00e9fono 621 237 742.<\/p>\n<p>\u00a0<img loading=\"lazy\" class=\"size-medium wp-image-4531 aligncenter\" src=\"http:\/\/leavicens.com\/lvicens\/wp-content\/uploads\/2019\/03\/mail-138x300.jpg\" alt=\"\" width=\"138\" height=\"300\" \/><\/p>\n<p>&nbsp;<\/p>\n","protected":false},"excerpt":{"rendered":"<p style=\"text-align: justify;\">La empresa\u00a0Toros Sureste comienza su andadura en la Plaza de Toros de Cieza, La Deseada&#8217;,\u00a0con un rematado festejo de rejones para el pr\u00f3ximo d\u00eda 17 de marzo. El cartel de esta corrida\u00a0fue anunciado esta ma\u00f1ana por el e&#8230;<\/p>\n","protected":false},"author":4,"featured_media":4530,"comment_status":"open","ping_status":"open","sticky":true,"template":"","format":"standard","meta":[],"categories":[20,1],"tags":[],"_links":{"self":[{"href":"https:\/\/leavicens.com\/fr_FR\/wp-json\/wp\/v2\/posts\/4528"}],"collection":[{"href":"https:\/\/leavicens.com\/fr_FR\/wp-json\/wp\/v2\/posts"}],"about":[{"href":"https:\/\/leavicens.com\/fr_FR\/wp-json\/wp\/v2\/types\/post"}],"author":[{"embeddable":true,"href":"https:\/\/leavicens.com\/fr_FR\/wp-json\/wp\/v2\/users\/4"}],"replies":[{"embeddable":true,"href":"https:\/\/leavicens.com\/fr_FR\/wp-json\/wp\/v2\/comments?post=4528"}],"version-history":[{"count":6,"href":"https:\/\/leavicens.com\/fr_FR\/wp-json\/wp\/v2\/posts\/4528\/revisions"}],"predecessor-version":[{"id":4539,"href":"https:\/\/leavicens.com\/fr_FR\/wp-json\/wp\/v2\/posts\/4528\/revisions\/4539"}],"wp:featuredmedia":[{"embeddable":true,"href":"https:\/\/leavicens.com\/fr_FR\/wp-json\/wp\/v2\/media\/4530"}],"wp:attachment":[{"href":"https:\/\/leavicens.com\/fr_FR\/wp-json\/wp\/v2\/media?parent=4528"}],"wp:term":[{"taxonomy":"category","embeddable":true,"href":"https:\/\/leavicens.com\/fr_FR\/wp-json\/wp\/v2\/categories?post=4528"},{"taxonomy":"post_tag","embeddable":true,"href":"https:\/\/leavicens.com\/fr_FR\/wp-json\/wp\/v2\/tags?post=4528"}],"curies":[{"name":"wp","href":"https:\/\/api.w.org\/{rel}","templated":true}]}}