{"id":453,"date":"2015-06-22T11:19:01","date_gmt":"2015-06-22T11:19:01","guid":{"rendered":"http:\/\/leavicens.com\/?p=453"},"modified":"2015-07-02T10:28:42","modified_gmt":"2015-07-02T08:28:42","slug":"puerta-grande-para-lea-vicens-en-la-feria-de-fogueres-2015-alicante","status":"publish","type":"post","link":"https:\/\/leavicens.com\/fr_FR\/puerta-grande-para-lea-vicens-en-la-feria-de-fogueres-2015-alicante\/","title":{"rendered":"Un nuevo debut y Puerta Grande en la feria de  Fogueres 2015, Alicante"},"content":{"rendered":"<p>Alicante se ha convertido en la nueva conquista alcanzada por <strong>L\u00e9a Vicens, <\/strong>una m\u00e1s conseguida a golpe de triunfo y esfuerzo, pues no se le puso de cara la tarde a la rejoneadora francesa, pero encontr\u00f3 la claridad y la entereza para enmendar errores y remontar la tarde hasta alcanzar el \u00e9xito.<\/p>\n<p>As\u00ed lo hizo en el tercero de la tarde, un buen toro de Boh\u00f3rquez que tuvo ritmo y nobleza, y que por su obediencia se abri\u00f3 m\u00e1s de la cuenta en los cites a pit\u00f3n contrario, provocando alguna pasada en falso de la amazona, que una vez ajust\u00f3 la distancia, hilvan\u00f3 una faena sentida y con ese punto de distinci\u00f3n que tiene su toreo a caballo. <strong>L\u00e9a <\/strong>vio pronto la bondad del animal, por lo que no dud\u00f3 en ponerle s\u00f3lo un rej\u00f3n de castigo, para que tuviera suficiente motor para toda la faena, despu\u00e9s de haberle parado en un palmo de terreno sobre \u201cBach\u201d, que cada vez luce m\u00e1s confiado y seguro. Entonces vino el espect\u00e1culo del temple a lomos de \u201cB\u00e9tico\u201d, que enganch\u00f3 unos largu\u00edsimos galopes de costado con los pitones del fijo toro cosidos a la barriga, para luego cambiar la embestida pasando la grupa por los adentros con un ajuste y una emoci\u00f3n tremenda. Adem\u00e1s, la francesa entr\u00f3 a las suertes con mucha verdad, dando el pecho, clav\u00f3 al estribo y los palos cayeron siempre en todo lo alto. El nivel se mantuvo con \u201cDesaf\u00edo\u201d, con el que atac\u00f3 de frente en la colocaci\u00f3n de los palos cortos y cerr\u00f3 por todo lo alto con \u201cEspont\u00e1neo\u201d, aunque el fulminante rej\u00f3n cay\u00f3 al segundo intento, por lo que el premio se qued\u00f3 en un solo trofeo, que sirvi\u00f3 para validar una faena de menos a m\u00e1s, con momentos de exquisita belleza.<\/p>\n<p>Con el sexto fue otra cosa, ya con la confianza de un p\u00fablico conquistado por la pureza de su rejoneo, <strong>Vicens <\/strong>construy\u00f3 una faena muy variada y completa, para lo que cont\u00f3 con un toro que tambi\u00e9n respondi\u00f3 con nobleza y que se encel\u00f3 r\u00e1pidamente en la grupa de \u201cGuitarra\u201d, que le par\u00f3 con autoritaria maestr\u00eda antes de llegar muy de frente, con mucha verdad, para dejar un rej\u00f3n de castigo en todo lo alto y dejar paso nuevamente a un \u201cB\u00e9tico\u201d que estuvo soberbio, tanto en las carreras de costado, como en las batidas a pit\u00f3n contrario y la ejecuci\u00f3n de una banderilla al viol\u00edn que provoc\u00f3 la ovaci\u00f3n de todos los asistentes. Pero la bondad del de Boh\u00f3rquez permiti\u00f3 una mayor cantidad de registros, como ese bonito y valiente piaff\u00e9 en la cara del toro que realiz\u00f3 <strong>L\u00e9a <\/strong>con \u201cBazuka\u201d para preparar una banderilla de perfecta ejecuci\u00f3n, dando el pecho y saliendo con reuni\u00f3n y ritmo. La faena llevaba rumbo de triunfo grande, potenciado con unas espectaculares banderillas cortas sobre \u201cJazm\u00edn\u201d, que cit\u00f3 atacando de frente con un vistoso tierra a tierra y dejando otra vez los palos reunidos arriba. La pena fue que el toro no rod\u00f3 con el rej\u00f3n entero que dej\u00f3 con la ayuda de \u201cEspont\u00e1neo\u201d y la francesa tuvo que echar pie a tierra para finiquitar al toro con dos golpes de descabello. Sin embargo, la oreja confirm\u00f3 el \u00e9xito de <strong>L\u00e9a <\/strong>y le abri\u00f3 la puerta grande de la plaza y la del coraz\u00f3n de los alicantinos.<\/p>\n<p>Otros caballos desplazados: \u201cDiluvio\u201d.<\/p>\n<p><strong>FICHA DEL FESTEJO<\/strong><\/p>\n<p>Domingo 21 de junio.<\/p>\n<p>Plaza de toros de Alicante. Segunda de feria, dos tercios de entrada en tarde calurosa.<\/p>\n<p>6 Toros de Ferm\u00edn Boh\u00f3rquez, correctos en su presentaci\u00f3n y de juego noble y manejable en t\u00e9rminos generales.<\/p>\n<p>Ferm\u00edn Boh\u00f3rquez: Vuelta al ruedo y oreja.<\/p>\n<p>Andy Cartagena:\u00a0Dos orejas y dos orejas. Sali\u00f3 a hombros.<\/p>\n<p><strong>L\u00e9a Vicens: Oreja y oreja. Sali\u00f3 a hombros.<\/strong><\/p>\n\t\t\t\t\t<div class=\"gallery_box_single\">\n\t\t\t\t\t\t<p class=\"not_found\">Disculpe, nada fue encontrado.<\/p>\n\t\t\t\t\t<\/div><!-- .gallery_box_single -->\n\t\t\t\t\n","protected":false},"excerpt":{"rendered":"<p>Alicante se ha convertido en la nueva conquista alcanzada por L\u00e9a Vicens, una m\u00e1s conseguida a golpe de triunfo y&#8230;<\/p>\n","protected":false},"author":3,"featured_media":451,"comment_status":"closed","ping_status":"closed","sticky":true,"template":"","format":"gallery","meta":[],"categories":[25,20],"tags":[],"_links":{"self":[{"href":"https:\/\/leavicens.com\/fr_FR\/wp-json\/wp\/v2\/posts\/453"}],"collection":[{"href":"https:\/\/leavicens.com\/fr_FR\/wp-json\/wp\/v2\/posts"}],"about":[{"href":"https:\/\/leavicens.com\/fr_FR\/wp-json\/wp\/v2\/types\/post"}],"author":[{"embeddable":true,"href":"https:\/\/leavicens.com\/fr_FR\/wp-json\/wp\/v2\/users\/3"}],"replies":[{"embeddable":true,"href":"https:\/\/leavicens.com\/fr_FR\/wp-json\/wp\/v2\/comments?post=453"}],"version-history":[{"count":3,"href":"https:\/\/leavicens.com\/fr_FR\/wp-json\/wp\/v2\/posts\/453\/revisions"}],"predecessor-version":[{"id":480,"href":"https:\/\/leavicens.com\/fr_FR\/wp-json\/wp\/v2\/posts\/453\/revisions\/480"}],"wp:featuredmedia":[{"embeddable":true,"href":"https:\/\/leavicens.com\/fr_FR\/wp-json\/wp\/v2\/media\/451"}],"wp:attachment":[{"href":"https:\/\/leavicens.com\/fr_FR\/wp-json\/wp\/v2\/media?parent=453"}],"wp:term":[{"taxonomy":"category","embeddable":true,"href":"https:\/\/leavicens.com\/fr_FR\/wp-json\/wp\/v2\/categories?post=453"},{"taxonomy":"post_tag","embeddable":true,"href":"https:\/\/leavicens.com\/fr_FR\/wp-json\/wp\/v2\/tags?post=453"}],"curies":[{"name":"wp","href":"https:\/\/api.w.org\/{rel}","templated":true}]}}