{"id":455,"date":"2015-06-23T11:00:48","date_gmt":"2015-06-23T11:00:48","guid":{"rendered":"http:\/\/leavicens.com\/?p=455"},"modified":"2015-06-23T11:03:16","modified_gmt":"2015-06-23T11:03:16","slug":"no-he-llegado-ni-a-la-mitad-de-lo-que-quiero-conseguir","status":"publish","type":"post","link":"https:\/\/leavicens.com\/fr_FR\/no-he-llegado-ni-a-la-mitad-de-lo-que-quiero-conseguir\/","title":{"rendered":"\u00abNo he llegado ni a la mitad de lo que quiero conseguir\u2019"},"content":{"rendered":"<p>Lea Vicens, en una entrevista para el diario digital mundotoro.com asegura que:<\/p>\n<p>\u2018No ha llegado ni a la mitad de lo que quiero conseguir\u2018. Son las palabras de la rejoneadora Lea Vicens tras su triunfo en la Feria de Hogueras de Alicante donde cort\u00f3 dos orejas y sali\u00f3 en hombros por la Puerta Grande. La amazona sum\u00f3 un nuevo triunfo a los ya cosechados en las plaza de N\u00eemes y Arles.<\/p>\n<p>Lea Vicens no pudo tener mejor debut en el coso alicantino. Cort\u00f3 una oreja a cada toro de su lote de Ferm\u00edn Boh\u00f3quez y sali\u00f3 en hombros. \u2018Me toc\u00f3 un toro muy bueno de Boh\u00f3rquez y pude lucirme bastante clavando al estribo, de costado, al quiebro\u2026 Fue una tarde muy emotiva\u2018, explica. Recalca, tambi\u00e9n, el cari\u00f1o que los tendidos la dispensaron: \u2018El p\u00fablico estuvo muy receptivo conmigo\u2018.<\/p>\n<p>El triunfo de Alicante se une as\u00ed al de N\u00eemes, Arles o Sanl\u00facar de Barrameda: \u2018Estoy teniendo bastante \u00e9xito. Este a\u00f1o estoy toreando en plazas imporantes y he salido en hombros de N\u00eemes, Arles, Sanl\u00facar de Barrameda y he dado una vuelta el ruedo en Sevilla y en Valencia\u2018.<\/p>\n<p>Lea Vicens lleva cuatro a\u00f1os en el circuito y uno y medio de alternativa y en este tiempo ya ha conseguido salir en volandas por la Puerta de los C\u00f3nsules de las Ar\u00e8nes de N\u00eemes. \u2018Ha sido un sue\u00f1o. No me esparaba ni yo. Fue algo muy bonito y especial para m\u00ed. El ver a toda mi cuidad es algo incre\u00edble\u2018.<\/p>\n<p>En cuanto a la evoluci\u00f3n de su rejoneo, subraya que en estos momentos no atisba su cima y que, a pesar de los triunfos cosechados, quiere seguir ampliando su dimensi\u00f3n: \u2018Cada temporada he ido evolucionando y todav\u00eda no he llegado ni a la mitad de lo que quiero conseguir. Quiero ser un torero de ferias. Quiero hacer las cosas bien, que el p\u00fablico me vaya conociendo y placearme. Quiero ser de los cinco o seis que est\u00e1n en las ferias\u2018.<\/p>\n<p>La rejoneadora seguir\u00e1 con sus entrenamientos de cara a sus pr\u00f3ximos compromisos en las plazas de Bayona, Dax, Saintes Maries de Mer o Teruel y se\u00f1ala que en pr\u00f3ximas fechas \u2018voy a hacer debutar a caballos j\u00f3venes y muy buenos\u2018.<\/p>\n","protected":false},"excerpt":{"rendered":"<p>Lea Vicens, en una entrevista para el diario digital mundotoro.com asegura que: \u2018No ha llegado ni a la mitad de&#8230;<\/p>\n","protected":false},"author":3,"featured_media":458,"comment_status":"open","ping_status":"open","sticky":true,"template":"","format":"standard","meta":[],"categories":[19,20],"tags":[],"_links":{"self":[{"href":"https:\/\/leavicens.com\/fr_FR\/wp-json\/wp\/v2\/posts\/455"}],"collection":[{"href":"https:\/\/leavicens.com\/fr_FR\/wp-json\/wp\/v2\/posts"}],"about":[{"href":"https:\/\/leavicens.com\/fr_FR\/wp-json\/wp\/v2\/types\/post"}],"author":[{"embeddable":true,"href":"https:\/\/leavicens.com\/fr_FR\/wp-json\/wp\/v2\/users\/3"}],"replies":[{"embeddable":true,"href":"https:\/\/leavicens.com\/fr_FR\/wp-json\/wp\/v2\/comments?post=455"}],"version-history":[{"count":1,"href":"https:\/\/leavicens.com\/fr_FR\/wp-json\/wp\/v2\/posts\/455\/revisions"}],"predecessor-version":[{"id":456,"href":"https:\/\/leavicens.com\/fr_FR\/wp-json\/wp\/v2\/posts\/455\/revisions\/456"}],"wp:featuredmedia":[{"embeddable":true,"href":"https:\/\/leavicens.com\/fr_FR\/wp-json\/wp\/v2\/media\/458"}],"wp:attachment":[{"href":"https:\/\/leavicens.com\/fr_FR\/wp-json\/wp\/v2\/media?parent=455"}],"wp:term":[{"taxonomy":"category","embeddable":true,"href":"https:\/\/leavicens.com\/fr_FR\/wp-json\/wp\/v2\/categories?post=455"},{"taxonomy":"post_tag","embeddable":true,"href":"https:\/\/leavicens.com\/fr_FR\/wp-json\/wp\/v2\/tags?post=455"}],"curies":[{"name":"wp","href":"https:\/\/api.w.org\/{rel}","templated":true}]}}