{"id":4602,"date":"2019-03-19T18:26:12","date_gmt":"2019-03-19T17:26:12","guid":{"rendered":"http:\/\/leavicens.com\/?p=4602"},"modified":"2019-03-25T21:37:00","modified_gmt":"2019-03-25T20:37:00","slug":"lea-vicens-pega-un-campanazo-en-valencia-y-descerraja-la-puerta-grande","status":"publish","type":"post","link":"https:\/\/leavicens.com\/fr_FR\/lea-vicens-pega-un-campanazo-en-valencia-y-descerraja-la-puerta-grande\/","title":{"rendered":"L\u00c9A VICENS, GOLPE DE AUTORIDAD EN VALENCIA Y CAMPANAZO DE PUERTA GRANDE"},"content":{"rendered":"<p>&nbsp;<\/p>\n<p>&nbsp;<\/p>\n<p style=\"text-align: center;\"><strong><em>\u201cL\u00e9a Vicens, Puerta Grande en Valencia\u201d<\/em><\/strong><\/p>\n<p style=\"text-align: justify;\"><strong><em>L\u00e9a Vicens<\/em><\/strong><strong><em>\u00a0sali\u00f3 en volandas del coso de la calle\u00a0X\u00e1tiva\u00a0tras cortar las dos orejas del sexto de una bien presentada corrida de\u00a0Boh\u00f3rquez<\/em><\/strong><em>.<strong> La rejoneadora gala conect\u00f3 desde primer momento con el tendido y se asegur\u00f3 el triunfo tras un rejonazo fulminante.\u00a0<\/strong><\/em><\/p>\n<p style=\"text-align: justify;\"><strong>Lea Vicens<\/strong>\u00a0cort\u00f3 dos orejas de forma rotunda tras una labor muy trabajada, en la que consigui\u00f3 llegar a los tendidos desde el primer instante. Llev\u00f3 siempre muy ligado a la grupa al buen sexto de\u00a0<strong>Boh\u00f3rquez<\/strong>\u00a0con el que innov\u00f3 colocando dos pares al viol\u00edn. Mat\u00f3 de un rej\u00f3n fulminante y le fueron concedidos los dos ap\u00e9ndices.<\/p>\n<p style=\"text-align: justify;\">Conect\u00f3 r\u00e1pido con el p\u00fablico\u00a0<strong>Lea Vicens<\/strong>, que realiz\u00f3 una faena que fue a m\u00e1s ante su primer oponente. La rejoneadora gala demostr\u00f3 una buena actitud y y una sobresaliente doma en su cuadra, realizando piruetas que fueron ovacionadas. El desacertado acero final le hizo perder los trofeos.<\/p>\n<p style=\"text-align: justify;\"><strong><em>Mundotoro.com:<\/em><\/strong><\/p>\n<p style=\"text-align: justify;\"><em>https:\/\/www.mundotoro.com\/noticia\/sigue-en-directo-la-corrida-de-rejones-de-fallas\/1407004<\/em><\/p>\n<p style=\"text-align: justify;\"><em>\u00a0<\/em><strong><em>\u00a0<\/em><\/strong><\/p>\n<p style=\"text-align: center;\"><strong><em>\u201cL\u00e9a Vicens, Puerta Grande en la matinal de rejones en Valencia\u201d<\/em><\/strong><\/p>\n<p style=\"text-align: justify;\"><strong><em>L\u00e9a Vicens ha abierto este martes la puerta grande de la plaza de toros de Valencia tras cortarle las dos orejas al sexto astado de Boh\u00f3rquez en el cl\u00e1sico festejo matinal de rejones.<\/em><\/strong><\/p>\n<p style=\"text-align: justify;\">La amazona francesa conect\u00f3 con facilidad con los tendidos, aprovechando las virtudes del astado que m\u00e1s se prest\u00f3 al lucimiento del discreto encierro de la divisa jerezana. Los alardes de doma y la efectividad con el rej\u00f3n de muerte le franquearon la salida en hombros. Tore\u00f3 de salida con Guitarra, clav\u00f3 banderillas a lomos de Gacela y B\u00e9tico, puso cortas sobre Greco y coron\u00f3 su labor montando a Espont\u00e1neo.<\/p>\n<p style=\"text-align: justify;\">Antes, con el tercero, clav\u00f3 dos rejones de castigo y exhibi\u00f3 buena monta, adorn\u00e1ndose en las entradas y salidas de la cara del toro. Destac\u00f3 montando a B\u00e9tico y Bazuka, pero falt\u00f3 el remate con el rej\u00f3n de muerte. El de Boh\u00f3rquez, de manejable condici\u00f3n, acab\u00f3 excesivamente parado.<\/p>\n<p style=\"text-align: justify;\"><strong><em>Aplausos.com:<\/em><\/strong><\/p>\n<p style=\"text-align: justify;\"><em>https:\/\/www.aplausos.es\/noticia\/48041\/noticias\/lea-vicens-puerta-grande-en-la-matinal-de-rejones-en-valencia.html<\/em><\/p>\n<p style=\"text-align: justify;\"><strong><em>\u00a0<\/em><\/strong><\/p>\n<p style=\"text-align: center;\"><strong><em>\u201cL\u00e9a Vicens desoreja al sexto en la matinal de rejones\u201d<\/em><\/strong><\/p>\n<p style=\"text-align: justify;\">Dos rejones de castigo al tercero de\u00a0<strong>L\u00e9a Vicens<\/strong>. A lomos de B\u00e9tico coloc\u00f3 tres largas, destacar la segunda por dentro pegada a tablas. Bella doma con Bazuka y otras dos largas con precisi\u00f3n y arriesgando. Otro rej\u00f3n de muerte que no entr\u00f3 y fue silenciada. Con la ma\u00f1ana cuesta arriba sali\u00f3 el sexto que recibi\u00f3 dos rejones de castigo. Se movi\u00f3 con gusto y cuando buscaba tablas arriesg\u00f3 la rejoneadora pisando terrenos comprometidos. Destacar de nuevo los instantes con B\u00e9tico y esa banderilla al viol\u00edn. Mantuvo la intensidad de faena y tras dejar una media fulminante cort\u00f3 las dos orejas saliendo en hombros de la plaza de Valencia.<\/p>\n<p style=\"text-align: justify;\"><strong><em>Burladero.tv:<\/em><\/strong><\/p>\n<p style=\"text-align: justify;\"><em>https:\/\/www.burladero.tv\/festejos\/2019\/3\/19\/lea-vicens-desoreja-al-sexto-en-la-matinal-de-rejones-61073.html<\/em><\/p>\n<p style=\"text-align: justify;\"><strong><em>\u00a0<\/em><\/strong><\/p>\n<p style=\"text-align: center;\"><strong><em>\u201cCampanazo de L\u00e9a Vicens en Valencia\u201d<\/em><\/strong><\/p>\n<p style=\"text-align: justify;\"><strong><em>Lea Vicens pasea dos orejas del sexto y se lleva el triunfo en la corrida de rejones matinal del D\u00eda de San Jos\u00e9<\/em><\/strong><\/p>\n<p style=\"text-align: justify;\">Dos rejones de castigo al tercero de\u00a0<strong>L\u00e9a Vicens<\/strong>. A lomos de B\u00e9tico coloc\u00f3 tres largas, destacar la segunda por dentro pegada a tablas. Bella doma con Bazuka y otras dos largas con precisi\u00f3n y arriesgando. Otro rej\u00f3n de muerte que no entr\u00f3 y fue silenciada. Con la ma\u00f1ana cuesta arriba sali\u00f3 el sexto que recibi\u00f3 dos rejones de castigo. Se movi\u00f3 con gusto y cuando buscaba tablas arriesg\u00f3 la rejoneadora pisando terrenos comprometidos. Destacar de nuevo los instantes con B\u00e9tico y esa banderilla al viol\u00edn. Mantuvo la intensidad de faena y tras dejar una media fulminante cort\u00f3 las dos orejas saliendo en hombros de la plaza de Valencia.<\/p>\n<p style=\"text-align: justify;\"><strong><em>Cultoro.com:<\/em><\/strong><\/p>\n<p style=\"text-align: justify;\"><em>https:\/\/www.cultoro.es\/festejos\/2019\/3\/19\/campanazo-ultima-hora-lo-que-el-acero-quito-34911.html<\/em><\/p>\n<p style=\"text-align: justify;\"><strong>\u00a0<\/strong><\/p>\n<p><strong><u>FICHA DEL FESTEJO<\/u><\/strong><\/p>\n<p>Martes 19 de marzo de 2019<\/p>\n<p>Plaza de Toros de Valencia<\/p>\n<p>Entrada:\u00a0Casi tres cuartos.<\/p>\n<p>Feria de Fallas. Corrida matinal de rejones.<\/p>\n<p>Seis toros de\u00a0Ferm\u00edn Boh\u00f3rquez. Correctos de presencia y de discreto juego salvo el buen 6\u00ba.<\/p>\n<p>Sergio Gal\u00e1n; Saludos tras petici\u00f3n en ambos;<\/p>\n<p>Leonardo Hern\u00e1ndez; Silencio en su lote;<\/p>\n<p><strong>L\u00e9a Vicens<\/strong>; Silencio y Dos orejas.<\/p>\n<p>&nbsp;<\/p>\n<p><em><u>Fotos:<\/u><\/em><em> Aplausos \/ Arjona\u00a0<\/em><\/p>\n","protected":false},"excerpt":{"rendered":"<p><a href=\"http:\/\/leavicens.com\/lvicens\/wp-content\/uploads\/2019\/03\/IMG_5996.jpg\"><img loading=\"lazy\" class=\"size-medium wp-image-4603 alignleft\" src=\"http:\/\/leavicens.com\/lvicens\/wp-content\/uploads\/2019\/03\/IMG_5996-222x300.jpg\" alt=\"\" width=\"222\" height=\"300\" \/><\/a><...\n<\/p>\n","protected":false},"author":4,"featured_media":4607,"comment_status":"open","ping_status":"open","sticky":true,"template":"","format":"video","meta":[],"categories":[17,20,1],"tags":[],"_links":{"self":[{"href":"https:\/\/leavicens.com\/fr_FR\/wp-json\/wp\/v2\/posts\/4602"}],"collection":[{"href":"https:\/\/leavicens.com\/fr_FR\/wp-json\/wp\/v2\/posts"}],"about":[{"href":"https:\/\/leavicens.com\/fr_FR\/wp-json\/wp\/v2\/types\/post"}],"author":[{"embeddable":true,"href":"https:\/\/leavicens.com\/fr_FR\/wp-json\/wp\/v2\/users\/4"}],"replies":[{"embeddable":true,"href":"https:\/\/leavicens.com\/fr_FR\/wp-json\/wp\/v2\/comments?post=4602"}],"version-history":[{"count":4,"href":"https:\/\/leavicens.com\/fr_FR\/wp-json\/wp\/v2\/posts\/4602\/revisions"}],"predecessor-version":[{"id":4637,"href":"https:\/\/leavicens.com\/fr_FR\/wp-json\/wp\/v2\/posts\/4602\/revisions\/4637"}],"wp:featuredmedia":[{"embeddable":true,"href":"https:\/\/leavicens.com\/fr_FR\/wp-json\/wp\/v2\/media\/4607"}],"wp:attachment":[{"href":"https:\/\/leavicens.com\/fr_FR\/wp-json\/wp\/v2\/media?parent=4602"}],"wp:term":[{"taxonomy":"category","embeddable":true,"href":"https:\/\/leavicens.com\/fr_FR\/wp-json\/wp\/v2\/categories?post=4602"},{"taxonomy":"post_tag","embeddable":true,"href":"https:\/\/leavicens.com\/fr_FR\/wp-json\/wp\/v2\/tags?post=4602"}],"curies":[{"name":"wp","href":"https:\/\/api.w.org\/{rel}","templated":true}]}}