{"id":4688,"date":"2019-04-24T11:03:07","date_gmt":"2019-04-24T09:03:07","guid":{"rendered":"http:\/\/leavicens.com\/?p=4688"},"modified":"2019-04-24T11:27:17","modified_gmt":"2019-04-24T09:27:17","slug":"lea-vicens-torero-ante-todo-importante-reportaje","status":"publish","type":"post","link":"https:\/\/leavicens.com\/fr_FR\/lea-vicens-torero-ante-todo-importante-reportaje\/","title":{"rendered":"L\u00c9A VICENS, \u00abTORERO ANTE TODO\u00bb IMPORTANTE ENTREVISTA EN &#8216;LA PROVENCE-ARLES&#8217;"},"content":{"rendered":"<p><strong>Arles : L\u00e9a \u00abtorero\u00bb avant tout<\/strong><\/p>\n<p><strong>La N\u00eemoise L\u00e9a Vicens, reine de la corrida \u00e0 cheval, est \u00e0 l&#8217;affiche ce matin<\/strong><\/p>\n<p>Par Julie Zaoui et Val\u00e9rie Farine<\/p>\n<p><img loading=\"lazy\" class=\"size-medium wp-image-4694 aligncenter\" src=\"http:\/\/leavicens.com\/lvicens\/wp-content\/uploads\/2019\/04\/1555925238_fq-lea1_gz5v-300x203.jpg\" alt=\"\" width=\"300\" height=\"203\" \/><\/p>\n<ul>\n<li style=\"text-align: justify;\"><em>Betico pour les quiebros, Diluvio pour les pirouettes, Diamante \u00abspectaculaire en restant dans l\u2019air pendant que tu cloues les banderilles\u00bb, Espontaneo pour le rejon de mort, Desehado pour les courtes\u2026 Chacun des 18 chevaux de l\u2019\u00e9curie a une sp\u00e9cialit\u00e9.<\/em><\/li>\n<\/ul>\n<p>&nbsp;<\/p>\n<p style=\"text-align: justify;\">Constantina, 4 oreilles et une queue. Illescas et Cieza, 3 oreilles. Valencia 2 oreilles. Castellon, Ubrique, Calatayud&#8230; Les sorties en triomphe s&#8217;encha\u00eenent depuis la mi-f\u00e9vrier pour L\u00e9a Vicens, torero \u00e0 cheval au sommet du classement international (Escalafon) ces deux derni\u00e8res temporadas. En pleine ascension, La Provence l&#8217;a rencontr\u00e9e dans une forme magistrale. Arles, aujourd&#8217;hui, constitue le premier gros morceau de 2019. Apr\u00e8s, il y aura S\u00e9ville puis, le 8 juin, un mano a mano avec Pablo Hermoso de Mendoza dans les ar\u00e8nes prestigieuses de Madrid&#8230;<\/p>\n<p style=\"text-align: justify;\">C&#8217;est depuis 12\u00a0ans au Rancho El Rocio, chez les fr\u00e8res Rafeal et Angel Peralta, \u00e0 la Puebla del Rio au sud de S\u00e9ville, qu&#8217;elle travaille d&#8217;arrache-pied son rang de premier torero du circuit. \u00ab<em>Oui, moi je suis torero&#8230; Et pas torera ! Je d\u00e9teste le langage inclusif. La langue fran\u00e7aise n&#8217;a pas besoin de tout cela !\u00catre torero, c&#8217;est incluant. Il y a aussi bien l&#8217;homme que la femme. Que je sache, on dit seulement peintre. \u00catre artiste&#8230; n&#8217;a pas de sexe ! En plus, il n&#8217;y a pas de comp\u00e9tition genr\u00e9e en tauromachie. On ne fait pas de corridas de filles et de gar\u00e7ons !\u00bb<\/em>\u00a0L\u00e9a sait que les taureaux de combat se moquent pas mal du sexe des toreros. Comme les chevaux d&#8217;ailleurs&#8230; La chanson pourrait \u00eatre un peu diff\u00e9rente du c\u00f4t\u00e9 des \u00abcompa\u00f1eros\u00bb masculins. Sur ce tableau, L\u00e9a pratique l&#8217;humour. Elle l&#8217;a dit dans l&#8217;hiver dans le cadre d&#8217;un reportage que lui a consacr\u00e9 la BBC.\u00a0<em>\u00abAu d\u00e9but, ils ont vu arriver une mignonne fifille, puis ils se sont rendus compte qu&#8217;elle \u00e9tait parvenue \u00e0 ses fins&#8230; et que maintenant, elle emmerdait quand m\u00eame pas mal !\u00bb\u00a0<\/em>L\u00e9a n&#8217;a aucune difficult\u00e9 l\u00e0-dedans.\u00a0<em>\u00abMais tout est surtout une question d&#8217;engagement, de travail, de pers\u00e9v\u00e9rance&#8230; Une s\u00e9rie de valeurs acquises qui font qu&#8217;on est d\u00e9vou\u00e9s et passionn\u00e9s par ce que nous faisons : femmes et hommes confondus !\u00bb<\/em><\/p>\n<p style=\"text-align: justify;\">Il est 10\u00a0heures quand nous entrons dans le Rancho El Rocio. Un haut lieu du rejon des ann\u00e9es\u00a070 ? 80. L\u00e0 o\u00f9 Don Angel et Don Rafeal Peralta, cavaliers de l&#8217;Apoth\u00e9ose, ont invent\u00e9 leur tauromachie, fabriqu\u00e9 des chevaux-toreros de l\u00e9gende&#8230; L\u00e0 aussi o\u00f9, il y a 12\u00a0ans, les installations ne d\u00e9semplissaient pas avec des groupes tous les week-ends&#8230;\u00a0<em>\u00abAujourd&#8217;hui la concurrence est rude, le lieu est un peu pass\u00e9 de mode. Ce n&#8217;est pas adapt\u00e9 pour seulement 200 personnes\u00bb<\/em>\u00a0explique L\u00e9a.<\/p>\n<p style=\"text-align: justify;\">Mais autour des hangars agricoles o\u00f9 les ouvriers travaillent, entre les branches des hauts palmiers bordant la carri\u00e8re ext\u00e9rieure au sable clair, sur les chaudes pierres des ar\u00e8nes, juste \u00e0 c\u00f4t\u00e9 des salles de r\u00e9ception, les oiseaux chantent toujours. Les cigognes, qui ont m\u00eame une salle \u00e0 leur nom tant elles sont ici nombreuses, font claquer fort leur bec. S&#8217;il y a des toiles d&#8217;araign\u00e9e sur les chaises d\u00e9di\u00e9es au public dans le man\u00e8ge couvert, des herbes folles qui grimpent un peu entre les rang\u00e9es de gradins de la placita&#8230; le sourire de L\u00e9a, l&#8217;envie de L\u00e9a, sa passion d\u00e9bordante, animent toutes les \u00e9curies. La cavali\u00e8re \u00e9tait l\u00e0 quand les lieux \u00e9taient \u00e0 la mode, proche de Don Angel qui est d\u00e9c\u00e9d\u00e9 l&#8217;an pass\u00e9, elle s&#8217;y est affirm\u00e9e en tant que torero \u00e0 cheval, elle s&#8217;y pr\u00e9pare encore cette saison. Les all\u00e9es et venues de ses chevaux ne r\u00e9veillent surtout pas le chien couch\u00e9 au pied d&#8217;un impressionnant ficus. Il n&#8217;y a que par 26\u00ba, en plein mois de f\u00e9vrier, que tout cela est possible !<\/p>\n<p><strong>Une bonne pr\u00e9paration pour Arles<\/strong><\/p>\n<p style=\"text-align: justify;\">Tout est op\u00e9rationnel pour la temporada qui s&#8217;ouvre. \u00ab<em>Je suis contente d&#8217;avoir ces premi\u00e8res corridas. Je vais arriver \u00e0 Arles bien pr\u00e9par\u00e9e. C&#8217;est important pour moi car j&#8217;ai toujours plus de pression dans ces ar\u00e8nes !\u00bb<\/em>\u00a0L\u00e9a Vicens, chouchou du public dans \u00abses\u00bb ar\u00e8nes de N\u00eemes, o\u00f9 elle a pris l&#8217;alternative en\u00a02013 des mains de Paco Ojeda savait, en f\u00e9vrier quand nous l&#8217;avons rencontr\u00e9e \u00e0 La Puebla del Rio, que le couloir qui m\u00e8ne \u00e0 la piste arl\u00e9sienne risquait de lui para\u00eetre, cette fois encore, bien long.<\/p>\n<p style=\"text-align: justify;\">\u00c0 moins que le public de P\u00e2ques regarde enfin l&#8217;amazone autrement.\u00a0<em>\u00abLes Arl\u00e9siens sont r\u00e9put\u00e9s pour appartenir \u00e0 un peuple de cavaliers. Du coup, ils sont tr\u00e8s critiques envers moi. Franchement, je pense que je pourrai \u00eatre un petit peu plus soutenue&#8230; Je n&#8217;estime pas \u00eatre une figura, mais ce qui est certain, c&#8217;est que je tiens t\u00eate aux figuras, et que je triomphe comme elles !\u00bb\u00a0<\/em>Ailleurs, la belle dame de 34\u00a0ans, caract\u00e8re de feu, force de travail, ne cesse de gagner en estime. C&#8217;est important, car elle aime se sentir port\u00e9e. Dans les moments intenses o\u00f9 il faut encha\u00eener les suertes, en inventer, c&#8217;est une source d&#8217;\u00e9nergie. Soutenue, elle gagne en d\u00e9contraction, sans se d\u00e9partir de toute la rigueur qu&#8217;elle s&#8217;impose. L\u00e9a observe ce public. En Espagne, elle en est s\u00fbre, elle est en train de drainer de nouveaux aficionados. Des jeunes notamment.\u00a0<em>\u00abLes ados viennent me voir, filles comme gar\u00e7ons, ils me disent que je suis un mod\u00e8le de r\u00e9ussite. Le public a pris l&#8217;habitude d&#8217;assaillir la fourgonnette&#8230; \u00e7a me motive pour triompher !\u00bb<\/em><\/p>\n<p style=\"text-align: justify;\">L\u00e9a Vicens sera cette ann\u00e9e dans toutes les ar\u00e8nes o\u00f9 elle a triomph\u00e9 l&#8217;an pass\u00e9. Souvent en alternance avec Pablo Hermoso de Mendoza et son fils Guillermo (comme cela sera le cas pour Pentec\u00f4te \u00e0 N\u00eemes).\u00a0<em>\u00abOn s&#8217;entend bien et c&#8217;est un cartel qui fonctionne !\u00bb<\/em>\u00a0Elle devrait prendre part \u00e0 une cinquantaine de corridas de rejon.\u00a0<em>\u00abLes toros sont ma vie ! Mon objectif est de continuer en profitant de cette marge de progression qui est \u00e9norme&#8230; Et triompher \u00e0 nouveau, l\u00e0 o\u00f9 je l&#8217;ai d\u00e9j\u00e0 fait !\u00bb<\/em>\u00a0Arles est en bonne place sur la liste.<\/p>\n<p><strong>Les dates<\/strong><\/p>\n<p>N\u00e9e le 22 f\u00e9vrier 1985 \u00e0 N\u00eemes. Alternative le 14 septembre 2013 \u00e0 N\u00eemes des mains de Paco Ojeda. Confirmation \u00e0 Madrid le 4 juin 2016 des mains de Mendoza.<\/p>\n<p style=\"text-align: center;\"><a href=\"http:\/\/leavicens.com\/lvicens\/wp-content\/uploads\/2019\/04\/1555925483_fq-leaettoro_gz5v.jpg\"><img loading=\"lazy\" class=\"alignnone size-full wp-image-4695\" src=\"http:\/\/leavicens.com\/lvicens\/wp-content\/uploads\/2019\/04\/1555925483_fq-leaettoro_gz5v.jpg\" alt=\"\" width=\"292\" height=\"175\" \/><\/a><\/p>\n<ul>\n<li style=\"text-align: justify;\"><em>Le toro, c\u2019est Jos\u00e9 Domingo. Il manie le carreton pour donner confiance, rythme, ou recadrer. L\u00e9a l\u2019a rencontr\u00e9 il y a 12 ans, au d\u00e9but de l\u2019aventure. Il faisait des salades dans un bar, voulait faire du sport&#8230;<\/em><\/li>\n<\/ul>\n<p>&nbsp;<\/p>\n<p style=\"text-align: justify;\"><strong>\u00abJe veux inventer, consolider mon r\u00e9pertoire, fabriquer des chevaux\u00bb\u00a0\u00a0<\/strong><\/p>\n<p style=\"text-align: justify;\">Aucune sortie en triomphe n&#8217;est due au hasard. C&#8217;est au quotidien, sans rel\u00e2che, tous les matins, t\u00f4t, que L\u00e9a Vicens pr\u00e9pare ses chevaux toreros. Actuellement 18 composent l&#8217;\u00e9curie, dont 12 \u00e0 15 mont\u00e9s au quotidien. Et exclusivement par la cavali\u00e8re. Le jeune Arnaud, passionn\u00e9 de chevaux, venu sp\u00e9cialement de N\u00eemes pour profiter des enseignements de L\u00e9a, veille aussi sur les poulains. \u00ab<em>Les triomphes me motivent, je veux inventer, consolider mon r\u00e9pertoire, fabriquer de nouveaux chevaux. L\u00e0 j&#8217;en ai trois qui vont d\u00e9buter. Je les ai achet\u00e9s \u00e0 trois ans, pas d\u00e9bourr\u00e9s. C&#8217;est ce que je pr\u00e9f\u00e8re, les choisir, les mener o\u00f9 je veux. J&#8217;aime bien les faire \u00e0 ma main, c&#8217;est un peu ma cr\u00e9ation, mon oeuvre d&#8217;art. Je les connais bien, ce sont mes b\u00e9b\u00e9s je les fabrique, je les \u00e9duque. Puis \u00e9conomiquement, aussi, cela vaut le coup. Un cheval de trois ans ne vaut pas du tout le m\u00eame prix qu&#8217;un de 7 ans, et dress\u00e9 pour tor\u00e9er. On rajoute un gros z\u00e9ro derri\u00e8re pour un cheval qui tor\u00e9\u00e9&#8230;<\/em>\u00ab<\/p>\n<p style=\"text-align: justify;\">Le travail consciencieux men\u00e9 dans les \u00e9curies par L\u00e9a est en train d&#8217;\u00eatre immortalis\u00e9 par le photographe cordouan sp\u00e9cialis\u00e9 Ramon Aza\u00f1on Ag\u00fcera. Un livre, au Diable Vauvert, est en pr\u00e9paration.<\/p>\n<p style=\"text-align: justify;\">Ce matin de f\u00e9vrier, sous le man\u00e8ge couvert, Betico est mis \u00e0 l&#8217;\u00e9preuve. \u00abC&#8217;est un peu le chouchou, l&#8217;enfant g\u00e2t\u00e9\u00bb reconna\u00eet Lea. Mais elle vient d&#8217;\u00eatre tr\u00e8s ferme. \u00abBetico est tr\u00e8s torero dans sa t\u00eate, tr\u00e8s intelligent, il capte l&#8217;embestida tr\u00e8s vite, souvent il voit le toro avant moi&#8230; Je veux lui faire comprendre que je d\u00e9cide quand on fait les choses !\u00bb L\u00e9a a fa\u00e7onn\u00e9 Betico pour qu&#8217;il excelle dans l&#8217;art des quiebros. Avec une personnalit\u00e9 comme elle aime. \u00abMa tauromachie est plut\u00f4t classique. J&#8217;aime laisser faire l&#8217;instinct joueur et torero de chaque cheval, cela va transmettre plus d&#8217;\u00e9motions. Quand tu l\u00e2ches les r\u00eanes, si le cheval aime \u00e7a, il va s&#8217;exprimer en mettant les oreilles, en arrondissant l&#8217;encolure !\u00bb L\u00e9a veut peaufiner son art, sans jamais copier, en apportant sa signature. Pour y parvenir, elle recherche des chevaux \u00abbeaux, athl\u00e9tiques, muscl\u00e9s, endurants, rapides&#8230; Mais aussi je les veux un peu malins, coquins, un peu joueurs !\u00bb L&#8217;id\u00e9e est qu&#8217;ils apportent \u00e0 cette tauromachie tr\u00e8s classique la note de fantaisie qui convient. L\u00e9a nourrit cet objectif au quotidien, en montant d&#8217;abord ceux qui ont besoin le plus de concentration, pour finir avec les plus relax. La seule \u00e0 avoir les clefs !<\/p>\n<p><em><strong>La Provence.com<\/strong><\/em><\/p>\n<p>https:\/\/www.laprovence.com\/article\/papier\/5468561\/.html<\/p>\n<p style=\"text-align: center;\"><a href=\"http:\/\/leavicens.com\/lvicens\/wp-content\/uploads\/2019\/04\/9369cd3d-7e83-4895-93ca-2adc6d4f5dc5.jpg\"><img loading=\"lazy\" class=\"alignnone size-medium wp-image-4689\" src=\"http:\/\/leavicens.com\/lvicens\/wp-content\/uploads\/2019\/04\/9369cd3d-7e83-4895-93ca-2adc6d4f5dc5-225x300.jpg\" alt=\"\" width=\"225\" height=\"300\" \/><\/a><\/p>\n<p style=\"text-align: justify;\">\n","protected":false},"excerpt":{"rendered":"<p>&#8230;<\/p>\n","protected":false},"author":4,"featured_media":4689,"comment_status":"open","ping_status":"open","sticky":false,"template":"","format":"standard","meta":[],"categories":[19],"tags":[],"_links":{"self":[{"href":"https:\/\/leavicens.com\/fr_FR\/wp-json\/wp\/v2\/posts\/4688"}],"collection":[{"href":"https:\/\/leavicens.com\/fr_FR\/wp-json\/wp\/v2\/posts"}],"about":[{"href":"https:\/\/leavicens.com\/fr_FR\/wp-json\/wp\/v2\/types\/post"}],"author":[{"embeddable":true,"href":"https:\/\/leavicens.com\/fr_FR\/wp-json\/wp\/v2\/users\/4"}],"replies":[{"embeddable":true,"href":"https:\/\/leavicens.com\/fr_FR\/wp-json\/wp\/v2\/comments?post=4688"}],"version-history":[{"count":7,"href":"https:\/\/leavicens.com\/fr_FR\/wp-json\/wp\/v2\/posts\/4688\/revisions"}],"predecessor-version":[{"id":4698,"href":"https:\/\/leavicens.com\/fr_FR\/wp-json\/wp\/v2\/posts\/4688\/revisions\/4698"}],"wp:featuredmedia":[{"embeddable":true,"href":"https:\/\/leavicens.com\/fr_FR\/wp-json\/wp\/v2\/media\/4689"}],"wp:attachment":[{"href":"https:\/\/leavicens.com\/fr_FR\/wp-json\/wp\/v2\/media?parent=4688"}],"wp:term":[{"taxonomy":"category","embeddable":true,"href":"https:\/\/leavicens.com\/fr_FR\/wp-json\/wp\/v2\/categories?post=4688"},{"taxonomy":"post_tag","embeddable":true,"href":"https:\/\/leavicens.com\/fr_FR\/wp-json\/wp\/v2\/tags?post=4688"}],"curies":[{"name":"wp","href":"https:\/\/api.w.org\/{rel}","templated":true}]}}