{"id":4970,"date":"2019-08-16T21:34:29","date_gmt":"2019-08-16T19:34:29","guid":{"rendered":"http:\/\/leavicens.com\/?p=4970"},"modified":"2019-08-19T13:39:30","modified_gmt":"2019-08-19T11:39:30","slug":"lea-vicens-tres-orejas-en-una-tarde-cumbre-en-beziers","status":"publish","type":"post","link":"https:\/\/leavicens.com\/fr_FR\/lea-vicens-tres-orejas-en-una-tarde-cumbre-en-beziers\/","title":{"rendered":"L\u00c9A VICENS, TRES OREJAS EN UNA TARDE CUMBRE EN BEZIERS"},"content":{"rendered":"<p style=\"text-align: justify;\"><em><strong>\u00abOreja ante el noble abreplaza\u00bb<\/strong><\/em><\/p>\n<p style=\"text-align: justify;\"><strong>Lea Vicens<\/strong>\u00a0se midi\u00f3 a un astado noble de\u00a0<strong>Boh\u00f3rquez<\/strong>\u00a0en el\u00a0primer\u00a0acto de la tarde en\u00a0<strong>Beziers<\/strong>. La amazona gala hizo una exhibici\u00f3n de buen toreo a caballo. Se luci\u00f3 en banderillas, especialmente, con las cortas. Segura con el acero, cort\u00f3 el primer\u00a0<strong>trofeo<\/strong>\u00a0de la tarde.<\/p>\n<p style=\"text-align: justify;\"><em><strong>\u00abDos orejas para L\u00e9a, sensacional faena sobre \u2018B\u00e9tico\u2019 al buen cuarto\u00bb<\/strong><\/em><\/p>\n<p style=\"text-align: justify;\">Sin ninguna dudas,\u00a0<strong>Lea Vicens<\/strong>\u00a0est\u00e1 realizando la mejor temporada de su carrera y, como no, arras\u00f3 tambi\u00e9n en su paso por\u00a0<strong>B\u00e9ziers<\/strong>. Puso la plaza en pie con su exhibici\u00f3n de doma y pureza, sobre todo, montando a su caballo \u2018<strong>B\u00e9tico<\/strong>\u2018, una de las grandes estrellas de su cuadra. El buen juego del toro de\u00a0<strong>Boh\u00f3rquez<\/strong>, un ejemplar de nota, tambi\u00e9n ayud\u00f3 para cuajar su obra.\u00a0<strong>Dos orejas.<\/strong><\/p>\n<p style=\"text-align: justify;\"><strong><em>Mundotoro.com<\/em><\/strong><\/p>\n<p style=\"text-align: justify;\">https:\/\/www.mundotoro.com\/noticia\/lea-vicens-de-justo-y-aguado-al-detalle-con-toros-de-bohorquez-y-jandilla-directo-beziers\/1430993<\/p>\n<p>&nbsp;<\/p>\n<p style=\"text-align: center;\"><strong><em>\u201cLea Vicens, tres orejas, marca el paso en Beziers\u201d<\/em><\/strong><\/p>\n<p style=\"text-align: justify;\">En primer lugar se lidi\u00f3 un buen toro de Ferm\u00edn Boh\u00f3rquez que supo aprovechar Lea Vicens. La nime\u00f1a destac\u00f3 toreando a lomos de Diluvio, con el que llev\u00f3 con mucho mando al de Boh\u00f3rquez. Con Bazuka, clavando al quiebro, levant\u00f3 los ol\u00e9s del p\u00fablico. Tras un certero rej\u00f3n de muerte, ech\u00f3 pie a tierra para decabellar. Pase\u00f3 la primera oreja de la tarde.<\/p>\n<p style=\"text-align: justify;\">Redonde\u00f3 su tarde en el cuarto de la tarde. Gran actuaci\u00f3n de la francesa, sobre todo con B\u00e9tico y Bazuka, con los que la compenetraci\u00f3n es total. Destacaron las banderillas al viol\u00edn ante un toro colaborador. Mat\u00f3 con Espont\u00e1nero de pinchazo y rej\u00f3n fulminante. A su esport\u00f3n fueron dos orejas.<\/p>\n<p style=\"text-align: justify;\"><strong><em>Aplausos.com<\/em><\/strong><\/p>\n<p style=\"text-align: justify;\">https:\/\/www.aplausos.es\/noticia\/50352\/noticias\/lea-vicens-tres-orejas-marca-el-paso-en-beziers.html<\/p>\n<p style=\"text-align: justify;\"><span style=\"text-decoration: underline;\"><em><strong>FICHA DEL FESTEJO<\/strong><\/em><\/span><\/p>\n<p style=\"text-align: justify;\"><em>Viernes 16 de agosto de 2019<\/em><\/p>\n<p style=\"text-align: justify;\"><strong>Beziers<\/strong> (Francia)<\/p>\n<p style=\"text-align: justify;\">Entrada:\u00a0Tres cuartos.<\/p>\n<p style=\"text-align: justify;\">Toros de\u00a0Ferm\u00edn\u00a0Boh\u00f3rquez, para rejones, correctos de presentaci\u00f3n y de buen juego; y de\u00a0Jandilla, para lidia a pie, bien presentados, nobles pero sin terminar de romper a embestir.<\/p>\n<p style=\"text-align: justify;\"><strong>L\u00e9a<\/strong>\u00a0<strong>Vicens<\/strong>; Oreja y Dos orejas.<\/p>\n<p style=\"text-align: justify;\">Emilio\u00a0de\u00a0Justo; Oreja y Ovaci\u00f3n con saludos tras aviso.<\/p>\n<p style=\"text-align: justify;\">Pablo\u00a0Aguado; Oreja y Silencio.<\/p>\n<p style=\"text-align: justify;\"><em><span style=\"text-decoration: underline;\">Foto:<\/span> Aplausos \/ Isabelle Dupin<\/em><\/p>\n","protected":false},"excerpt":{"rendered":"<p style=\"text-align: justify;\"><em><strong>\u00abOreja ante el noble abreplaza\u00bb<\/strong><\/em><\/p>\n<p style=\"text-align: justify;\"><strong>Lea Vicens<\/strong>\u00a0se midi\u00f3 a un astado noble de\u00a0<strong>Boh\u00f3rquez<\/strong>\u00a0en el\u00a0primer\u00a0acto de la tarde en\u00a0<stro...\n<\/p>\n","protected":false},"author":4,"featured_media":4972,"comment_status":"open","ping_status":"open","sticky":true,"template":"","format":"video","meta":[],"categories":[17,20,1],"tags":[],"_links":{"self":[{"href":"https:\/\/leavicens.com\/fr_FR\/wp-json\/wp\/v2\/posts\/4970"}],"collection":[{"href":"https:\/\/leavicens.com\/fr_FR\/wp-json\/wp\/v2\/posts"}],"about":[{"href":"https:\/\/leavicens.com\/fr_FR\/wp-json\/wp\/v2\/types\/post"}],"author":[{"embeddable":true,"href":"https:\/\/leavicens.com\/fr_FR\/wp-json\/wp\/v2\/users\/4"}],"replies":[{"embeddable":true,"href":"https:\/\/leavicens.com\/fr_FR\/wp-json\/wp\/v2\/comments?post=4970"}],"version-history":[{"count":2,"href":"https:\/\/leavicens.com\/fr_FR\/wp-json\/wp\/v2\/posts\/4970\/revisions"}],"predecessor-version":[{"id":4974,"href":"https:\/\/leavicens.com\/fr_FR\/wp-json\/wp\/v2\/posts\/4970\/revisions\/4974"}],"wp:featuredmedia":[{"embeddable":true,"href":"https:\/\/leavicens.com\/fr_FR\/wp-json\/wp\/v2\/media\/4972"}],"wp:attachment":[{"href":"https:\/\/leavicens.com\/fr_FR\/wp-json\/wp\/v2\/media?parent=4970"}],"wp:term":[{"taxonomy":"category","embeddable":true,"href":"https:\/\/leavicens.com\/fr_FR\/wp-json\/wp\/v2\/categories?post=4970"},{"taxonomy":"post_tag","embeddable":true,"href":"https:\/\/leavicens.com\/fr_FR\/wp-json\/wp\/v2\/tags?post=4970"}],"curies":[{"name":"wp","href":"https:\/\/api.w.org\/{rel}","templated":true}]}}