{"id":5051,"date":"2019-09-01T23:57:14","date_gmt":"2019-09-01T21:57:14","guid":{"rendered":"http:\/\/leavicens.com\/?p=5051"},"modified":"2019-09-02T10:43:10","modified_gmt":"2019-09-02T08:43:10","slug":"lea-vicens-gran-esfuerzo-en-palencia-ante-un-lote-de-escaso-juego","status":"publish","type":"post","link":"https:\/\/leavicens.com\/fr_FR\/lea-vicens-gran-esfuerzo-en-palencia-ante-un-lote-de-escaso-juego\/","title":{"rendered":"L\u00c9A VICENS, RECONOCIMIENTO DE PALENCIA TRAS UNA TARDE DE RAZA Y BUEN REJONEO"},"content":{"rendered":"<p style=\"text-align: center;\"><strong><em>\u201cLea Vicens<\/em><\/strong><em>\u00a0<strong>salud\u00f3 dos ovaciones\u201d<\/strong><\/em><\/p>\n<p style=\"text-align: justify;\">Una faena vibrante y emocionante firm\u00f3\u00a0<strong>Lea Vicens<\/strong>\u00a0al segundo, del hierro de\u00a0<strong>El Capea.<\/strong>\u00a0Tras dos rejones castigo\u00a0destac\u00f3 en banderillas\u00a0a lomos de\u00a0<em>B\u00e9tico<\/em>\u00a0y\u00a0<em>Dilu<\/em>vio. Clav\u00f3 medio rej\u00f3n de muerte y un descabello. Eso hizo que el p\u00fablico se enfriara a la hora de sacar los pa\u00f1uelos. Palmas.<\/p>\n<p style=\"text-align: justify;\">M\u00e1s parado que sus hermanos, al quinto le costaba m\u00e1s desplazarse. La amazona francesa hizo un esfuerzo aunque no hubo manera. Hubo desacierto en la suerte suprema. Ovaci\u00f3n con saludos.<\/p>\n<p><em><strong>Mundotoro.com:<\/strong><\/em><\/p>\n<p><em>https:\/\/www.mundotoro.com\/noticia\/hermoso-de-mendoza-lea-vicens-y-guillermo-hermoso-al-detalle-en-palencia\/1433750<\/em><\/p>\n<p>&nbsp;<\/p>\n<p><strong>FICHA DEL FESTEJO<\/strong><\/p>\n<p>Domingo 1 de septiembre de 2019.<\/p>\n<p><strong>Palencia<\/strong><\/p>\n<p>Feria de San Antol\u00edn.<\/p>\n<p>Entrada:Tres cuartos.<\/p>\n<p>Toros de\u00a0El Capea\u00a0(1\u00ba y 2\u00ba) y\u00a0Carmen Lorenzo,de excelente juego.<\/p>\n<p>Pablo Hermoso de Mendoza; Oreja y Ovaci\u00f3n con saludos;<\/p>\n<p><strong>Lea Vicens, <\/strong>Ovaci\u00f3n y Ovaci\u00f3n con saludos.<\/p>\n<p>Guillermo Hermoso de Mendoza, Dos orejas y Dos orejas.<\/p>\n<p>&nbsp;<\/p>\n<p><em><span style=\"text-decoration: underline;\">Foto:<\/span> Mart\u00ednez Flamarique \/ Andr\u00e9 Viard<\/em><\/p>\n","protected":false},"excerpt":{"rendered":"<p style=\"text-align: center;\"><strong><em>\u201cLea Vicens<\/em><\/strong><em>\u00a0<strong>salud\u00f3 dos ovaciones\u201d<\/strong><\/em><\/p>\n<p style=\"text-align: justify;\">Una faena vibrante y emocionante firm\u00f3\u00a0<strong>Lea Vicens<\/strong>\u00a0al segundo, del hierro de\u00a0<st...\n<\/p>\n","protected":false},"author":4,"featured_media":5052,"comment_status":"open","ping_status":"open","sticky":true,"template":"","format":"video","meta":[],"categories":[17,20,1],"tags":[],"_links":{"self":[{"href":"https:\/\/leavicens.com\/fr_FR\/wp-json\/wp\/v2\/posts\/5051"}],"collection":[{"href":"https:\/\/leavicens.com\/fr_FR\/wp-json\/wp\/v2\/posts"}],"about":[{"href":"https:\/\/leavicens.com\/fr_FR\/wp-json\/wp\/v2\/types\/post"}],"author":[{"embeddable":true,"href":"https:\/\/leavicens.com\/fr_FR\/wp-json\/wp\/v2\/users\/4"}],"replies":[{"embeddable":true,"href":"https:\/\/leavicens.com\/fr_FR\/wp-json\/wp\/v2\/comments?post=5051"}],"version-history":[{"count":5,"href":"https:\/\/leavicens.com\/fr_FR\/wp-json\/wp\/v2\/posts\/5051\/revisions"}],"predecessor-version":[{"id":5059,"href":"https:\/\/leavicens.com\/fr_FR\/wp-json\/wp\/v2\/posts\/5051\/revisions\/5059"}],"wp:featuredmedia":[{"embeddable":true,"href":"https:\/\/leavicens.com\/fr_FR\/wp-json\/wp\/v2\/media\/5052"}],"wp:attachment":[{"href":"https:\/\/leavicens.com\/fr_FR\/wp-json\/wp\/v2\/media?parent=5051"}],"wp:term":[{"taxonomy":"category","embeddable":true,"href":"https:\/\/leavicens.com\/fr_FR\/wp-json\/wp\/v2\/categories?post=5051"},{"taxonomy":"post_tag","embeddable":true,"href":"https:\/\/leavicens.com\/fr_FR\/wp-json\/wp\/v2\/tags?post=5051"}],"curies":[{"name":"wp","href":"https:\/\/api.w.org\/{rel}","templated":true}]}}