{"id":6167,"date":"2019-10-21T23:22:37","date_gmt":"2019-10-21T21:22:37","guid":{"rendered":"https:\/\/leavicens.com\/?p=6167"},"modified":"2019-10-23T17:24:53","modified_gmt":"2019-10-23T15:24:53","slug":"lea-vicens-mejor-rejoneador-en-valencia-2019","status":"publish","type":"post","link":"https:\/\/leavicens.com\/fr_FR\/lea-vicens-mejor-rejoneador-en-valencia-2019\/","title":{"rendered":"L\u00c9A VICENS, PREMIO &#8216;MEJOR REJONEADOR EN VALENCIA 2019&#8217;"},"content":{"rendered":"<p style=\"text-align: justify;\">El <strong>Teatro Olympia de Valencia<\/strong> ha acogido durante la tarde noche de este lunes 21 de octubre, la <strong>IV Gala de Trofeos \u201cToros con El Soro\u201d.<\/strong> En ella han sido entregados los galardones que concede anualmente el programa que presenta el propio diestro valenciano en <strong>Radio Intereconom\u00eda <\/strong>a los triunfadores de la \u00faltima campa\u00f1a en Valencia.<\/p>\n<p style=\"text-align: justify;\">Exceptuando a Paco Ure\u00f1a -que contrae matrimonio en unos d\u00edas y excus\u00f3 su asistencia mediante un v\u00eddeo- no falt\u00f3 ninguno de los premiados. La relaci\u00f3n de distinguidos por sus actuaciones en las ferias de Fallas y Julio de 2019 es la siguiente:<\/p>\n<p><strong><u>TROFEOS DE FALLAS 2019<\/u><\/strong><\/p>\n<p><span style=\"color: #ff0000;\">-Mejor rejoneador:\u00a0<strong>Lea Vicens<\/strong>.<\/span><\/p>\n<p>-Mejor faena:\u00a0<strong>Sebasti\u00e1n Castella<\/strong>.<\/p>\n<p>-Mejor estocada:\u00a0<strong>Octavio Chac\u00f3n<\/strong>.<\/p>\n<p>-Ganader\u00eda triunfadora:\u00a0<strong>Fuente Ymbro<\/strong>. Recogi\u00f3 Ricardo Gallardo.<\/p>\n<p>-Mejor toro:\u00a0<strong>Horroroso<\/strong>, de Jandilla. Recogi\u00f3 Borja Domecq.<\/p>\n<p>-Torero de plata m\u00e1s destacado:\u00a0<strong>Jos\u00e9 Ar\u00e9valo<\/strong>.<\/p>\n<p><u>TROFEOS DE JULIO 2019<\/u><\/p>\n<p>-Triunfador:\u00a0<strong>Jes\u00fas Duque.<\/strong><\/p>\n<p>-Mejor faena:\u00a0<strong>Paco Ure\u00f1a.<\/strong><\/p>\n<p>-Mejor estocada:\u00a0<strong>Emilio de Justo.<\/strong><\/p>\n<p>-Mejor ganader\u00eda:\u00a0<strong>Luis Algarra<\/strong>. Recogi\u00f3 Aurora Algarra.<\/p>\n<p>-Mejor subalterno:\u00a0<strong>Curro Javier<\/strong>.<\/p>\n<p>-Mejor picador:\u00a0<strong>Francisco Ponz \u201cPuchano\u201d<\/strong>.<\/p>\n<p>-Novillero triunfador:\u00a0<strong>El Rafi<\/strong>.<\/p>\n<p><u>NUMEROSAS DISTINCIONES ESPECIALES<\/u><\/p>\n<p style=\"text-align: justify;\">Entre los premiados con distinci\u00f3n especial acudieron a la cita a recoger sus galardones el ganadero y presidente de la Fundaci\u00f3n Toro de Lidia,\u00a0<strong>Victorino Mart\u00edn<\/strong>, el productor\u00a0<strong>Sim\u00f3n Casas<\/strong>, el matador de toros\u00a0<strong>Ortega Cano<\/strong>, el periodista\u00a0<strong>Luis del Olmo<\/strong>, el futbolista\u00a0<strong>Ricardo Arias<\/strong>\u00a0en representaci\u00f3n del Valencia C.F., el pilotari\u00a0<strong>Rovellet<\/strong>\u00a0en representaci\u00f3n del Trinquet de Pelayo, los cantantes\u00a0<strong>Jos\u00e9 Manuel Soto<\/strong>\u00a0y\u00a0<strong>Rafael de Utrera<\/strong>, el guitarrista\u00a0<strong>Currito<\/strong>, los empresarios\u00a0<strong>Vicente Boluda<\/strong>\u00a0y\u00a0<strong>Antonio Catal\u00e1n<\/strong>, el\u00a0<strong>equipo de investigaci\u00f3n de la Facultad de Econom\u00eda de la Universidad de Valencia<\/strong>\u00a0por su estudio sobre el impacto econ\u00f3mico que generan los festejos de \u00abbous al carrer\u00bb y el\u00a0<strong>equipo m\u00e9dico de la plaza de toros de Valencia<\/strong>. Tambi\u00e9n hubo una distinci\u00f3n a t\u00edtulo p\u00f3stumo al ganadero de la tierra fallecido hace unos meses\u00a0<strong>Fernando Machancoses<\/strong>.<\/p>\n<p style=\"text-align: justify;\">Asimismo, se conmemoraron las bodas de plata como matadores de toros de\u00a0<strong>Vicente Barrera<\/strong>\u00a0-que no pudo asistir a la velada- y de\u00a0<strong>Javier V\u00e1zquez<\/strong>, as\u00ed como los treinta a\u00f1os de doctorado de\u00a0<strong>Antonio Ruiz \u201cSoro II\u201d<\/strong>, los treinta como picador de\u00a0<strong>Jaime Ruiz \u201cSoro\u201d<\/strong>\u00a0y el adi\u00f3s a la profesi\u00f3n de otro varilarguero,\u00a0<strong>Manolo Quinta<\/strong>.<\/p>\n<p style=\"text-align: justify;\">Eva Rogel present\u00f3 junto a El Soro el acto, plagado de sorpresas y actuaciones en directo como las protagonizadas por Jos\u00e9 Manuel Soto -que cant\u00f3 a Espa\u00f1a- y los diestros Ortega Cano y el propio Soro, que se arrancaron a torear de sal\u00f3n y a declamar poes\u00eda, respectivamente. Los inspirados lances que instrument\u00f3 Ortega brotaron al comp\u00e1s del cante de Rafael de Utrera y de la guitarra de Currito.<\/p>\n<p style=\"text-align: justify;\">No faltaron representantes de distintos partidos pol\u00edticos locales como el PSPV, PPCV, Ciudadanos o VOX, junto a numerosos aficionados, periodistas y profesionales del mundo del toro valenciano que llenaron la sala.<\/p>\n<p style=\"text-align: justify;\">El jurado de los premios \u201cToros con El Soro\u201d est\u00e1 formado por el propio Vicente Ruiz \u201cEl Soro\u201d, los toreros Vicente Barrera, Javier V\u00e1zquez, Ricardo de Fabra, Vicente Luis Murcia, Manolo Sales, V\u00edctor Manuel Bl\u00e1zquez, Manolo M\u00e9ndez, Juan Carlos Vera, Manolo Carri\u00f3n y Gregorio de Jes\u00fas, y el humorista Paco Ar\u00e9valo.<\/p>\n","protected":false},"excerpt":{"rendered":"<p style=\"text-align: justify;\">El <strong>Teatro Olympia de Valencia<\/strong> ha acogido durante la tarde noche de este lunes 21 de octubre, la <strong>IV Gala de Trofeos \u201cToros con El Soro\u201d.<\/strong> En ella han sido entregados los galardones que c&#8230;<\/p>\n","protected":false},"author":4,"featured_media":6168,"comment_status":"open","ping_status":"open","sticky":true,"template":"","format":"standard","meta":[],"categories":[20,1],"tags":[],"_links":{"self":[{"href":"https:\/\/leavicens.com\/fr_FR\/wp-json\/wp\/v2\/posts\/6167"}],"collection":[{"href":"https:\/\/leavicens.com\/fr_FR\/wp-json\/wp\/v2\/posts"}],"about":[{"href":"https:\/\/leavicens.com\/fr_FR\/wp-json\/wp\/v2\/types\/post"}],"author":[{"embeddable":true,"href":"https:\/\/leavicens.com\/fr_FR\/wp-json\/wp\/v2\/users\/4"}],"replies":[{"embeddable":true,"href":"https:\/\/leavicens.com\/fr_FR\/wp-json\/wp\/v2\/comments?post=6167"}],"version-history":[{"count":2,"href":"https:\/\/leavicens.com\/fr_FR\/wp-json\/wp\/v2\/posts\/6167\/revisions"}],"predecessor-version":[{"id":6171,"href":"https:\/\/leavicens.com\/fr_FR\/wp-json\/wp\/v2\/posts\/6167\/revisions\/6171"}],"wp:featuredmedia":[{"embeddable":true,"href":"https:\/\/leavicens.com\/fr_FR\/wp-json\/wp\/v2\/media\/6168"}],"wp:attachment":[{"href":"https:\/\/leavicens.com\/fr_FR\/wp-json\/wp\/v2\/media?parent=6167"}],"wp:term":[{"taxonomy":"category","embeddable":true,"href":"https:\/\/leavicens.com\/fr_FR\/wp-json\/wp\/v2\/categories?post=6167"},{"taxonomy":"post_tag","embeddable":true,"href":"https:\/\/leavicens.com\/fr_FR\/wp-json\/wp\/v2\/tags?post=6167"}],"curies":[{"name":"wp","href":"https:\/\/api.w.org\/{rel}","templated":true}]}}