{"id":673,"date":"2015-09-12T09:54:05","date_gmt":"2015-09-12T07:54:05","guid":{"rendered":"http:\/\/leavicens.com\/?p=673"},"modified":"2015-09-12T10:22:56","modified_gmt":"2015-09-12T08:22:56","slug":"lea-arrasa-en-villa-del-prado","status":"publish","type":"post","link":"https:\/\/leavicens.com\/fr_FR\/lea-arrasa-en-villa-del-prado\/","title":{"rendered":"Lea arrasa en Villa del Prado"},"content":{"rendered":"<p>En la tercera de la Feria de la localidad madrile\u00f1a de Villa del Prado, un encierro de rejones de Monteviejo esperaba a la terna. Rub\u00e9n S\u00e1nchez, Mart\u00edn Burgos y Lea Vicens hac\u00edan a las seis en punto de la tarde el pase\u00edllo.<\/p>\n<p>&nbsp;<\/p>\n<p>(&#8230;) El tercer novillo de la tarde, de la ganader\u00eda de Monteviejo, fue un grand\u00edsimo toro y seguramente podamos hablar y destacar que es uno de los novillos mejores de la feria hasta lo que llevamos. Este novillo par\u00f3 a manos de la rejoneadora Lea Vicens, que aunque la falt\u00f3 haber sacado m\u00e1s garra y arrimarse m\u00e1s al toro, estuvo espl\u00e9ndida, mostrando el gran arte de la doma que atesora. La rejoneadora, supo levantar al p\u00fablico de sus asientos y recibir grandes ovaciones. El rejonazo que dio al novillo fue muy bueno, es verdad que tuvo que hacer uso del descabello para acabar con la vida del animal, pero fue una faena a destacar, de una mujer que apunta muy alto y tiene un futuro por delante con grandes expectativas. Finalmente, faena con dos orejas dando la vuelta al ruedo y siendo ovacionada.<\/p>\n<p>&nbsp;<\/p>\n<p>(&#8230;) La \u00faltima faena del festejo, fue algo digno de ver. Otra vez, sali\u00f3 un novillo muy bueno de la ganader\u00eda de Monteviejo para la rejoneadora Lea Vicens. Una mujer que como se ha dicho, apunta muy alto y es que es inconmensurable vi\u00e9ndola subida al caballo. La rejoneadora le puso entrega y sobre todo mucha ambici\u00f3n, a un muy buen novillo. Lea Vicens, tiene un futuro prometedor por delante ya que el arte de la doma a caballo, lo domina como nadie, algo espectacular. La faena acab\u00f3 con un gran rejonazo, despu\u00e9s de que pinchara la primera vez. El novillo acab\u00f3 junto a la puerta de los toriles rendido a esta enorme mujer, que finalmente acab\u00f3 con la vida del animal, por medio de la utilizaci\u00f3n del descabello. Una faena rotunda en la que otra vez se llev\u00f3 otras dos orejas y saliendo ovacionada junto a Rub\u00e9n S\u00e1nchez, por la puerta grande de la plaza de toros de Villa del Prado.<\/p>\n<p>FICHA DEL FESTEJO<\/p>\n<p>Plaza de toros de Villa del Prado, Madrid. Tercera de Feria. Corrida de rejones.<\/p>\n<p>Seis toros de Monteviejo.<\/p>\n<p>Ra\u00fal Mart\u00edn Burgos, vuelta y divisi\u00f3n de opiniones.<\/p>\n<p>Rub\u00e9n S\u00e1nchez, dos orejas y silencio.<\/p>\n<p>Lea Vicens, dos orejas y dos orejas.<\/p>\n","protected":false},"excerpt":{"rendered":"<p>En la tercera de la Feria de la localidad madrile\u00f1a de Villa del Prado, un encierro de rejones de Monteviejo&#8230;<\/p>\n","protected":false},"author":3,"featured_media":677,"comment_status":"open","ping_status":"open","sticky":true,"template":"","format":"standard","meta":[],"categories":[25,20],"tags":[],"_links":{"self":[{"href":"https:\/\/leavicens.com\/fr_FR\/wp-json\/wp\/v2\/posts\/673"}],"collection":[{"href":"https:\/\/leavicens.com\/fr_FR\/wp-json\/wp\/v2\/posts"}],"about":[{"href":"https:\/\/leavicens.com\/fr_FR\/wp-json\/wp\/v2\/types\/post"}],"author":[{"embeddable":true,"href":"https:\/\/leavicens.com\/fr_FR\/wp-json\/wp\/v2\/users\/3"}],"replies":[{"embeddable":true,"href":"https:\/\/leavicens.com\/fr_FR\/wp-json\/wp\/v2\/comments?post=673"}],"version-history":[{"count":2,"href":"https:\/\/leavicens.com\/fr_FR\/wp-json\/wp\/v2\/posts\/673\/revisions"}],"predecessor-version":[{"id":676,"href":"https:\/\/leavicens.com\/fr_FR\/wp-json\/wp\/v2\/posts\/673\/revisions\/676"}],"wp:featuredmedia":[{"embeddable":true,"href":"https:\/\/leavicens.com\/fr_FR\/wp-json\/wp\/v2\/media\/677"}],"wp:attachment":[{"href":"https:\/\/leavicens.com\/fr_FR\/wp-json\/wp\/v2\/media?parent=673"}],"wp:term":[{"taxonomy":"category","embeddable":true,"href":"https:\/\/leavicens.com\/fr_FR\/wp-json\/wp\/v2\/categories?post=673"},{"taxonomy":"post_tag","embeddable":true,"href":"https:\/\/leavicens.com\/fr_FR\/wp-json\/wp\/v2\/tags?post=673"}],"curies":[{"name":"wp","href":"https:\/\/api.w.org\/{rel}","templated":true}]}}