{"id":779,"date":"2016-03-01T19:07:48","date_gmt":"2016-03-01T17:07:48","guid":{"rendered":"http:\/\/leavicens.com\/?p=779"},"modified":"2016-03-04T01:12:49","modified_gmt":"2016-03-03T23:12:49","slug":"lea-vicens-protagonista-en-las-xxx-jornadas-de-osuna","status":"publish","type":"post","link":"https:\/\/leavicens.com\/fr_FR\/lea-vicens-protagonista-en-las-xxx-jornadas-de-osuna\/","title":{"rendered":"L\u00e9a Vicens protagonista en las XXX Jornadas de Osuna"},"content":{"rendered":"<p><strong><a href=\"http:\/\/leavicens.com\/lvicens\/wp-content\/uploads\/2016\/03\/IMG_6470.jpg\" rel=\"attachment wp-att-794\"><img loading=\"lazy\" class=\"alignnone size-medium wp-image-794\" src=\"http:\/\/leavicens.com\/lvicens\/wp-content\/uploads\/2016\/03\/IMG_6470-300x200.jpg\" alt=\"IMG_6470\" width=\"300\" height=\"200\" \/><\/a> <a href=\"http:\/\/leavicens.com\/lvicens\/wp-content\/uploads\/2016\/03\/IMG_6476.jpg\" rel=\"attachment wp-att-796\"><img loading=\"lazy\" class=\"alignnone size-medium wp-image-796\" src=\"http:\/\/leavicens.com\/lvicens\/wp-content\/uploads\/2016\/03\/IMG_6476-300x200.jpg\" alt=\"IMG_6476\" width=\"300\" height=\"200\" \/><\/a> <a href=\"http:\/\/leavicens.com\/lvicens\/wp-content\/uploads\/2016\/03\/f620x0-43248_43266_31-1.jpg\" rel=\"attachment wp-att-788\"><img loading=\"lazy\" class=\"alignnone size-medium wp-image-788\" src=\"http:\/\/leavicens.com\/lvicens\/wp-content\/uploads\/2016\/03\/f620x0-43248_43266_31-1-300x201.jpg\" alt=\"f620x0-43248_43266_31\" width=\"300\" height=\"201\" \/><\/a> <a href=\"http:\/\/leavicens.com\/lvicens\/wp-content\/uploads\/2016\/03\/IMG_6472.jpg\" rel=\"attachment wp-att-795\"><img loading=\"lazy\" class=\"alignnone size-medium wp-image-795\" src=\"http:\/\/leavicens.com\/lvicens\/wp-content\/uploads\/2016\/03\/IMG_6472-300x200.jpg\" alt=\"IMG_6472\" width=\"300\" height=\"200\" \/><\/a> <\/strong><\/p>\n<p><strong>L\u00e9a Vicens<\/strong> fue la gran protagonista del pasado martes 16 de febrero en Osuna, dentro de las jornadas culturales taurinas organizadas en la Ciudad Ducal.<\/p>\n<p>Con el t\u00edtulo <strong>\u00abPresente y Futuro del Rejoneo\u00bb<\/strong>, la rejoneadora <strong>Lea Vicens<\/strong> fue la encargada de abrir la segunda de las Jornadas Taurinas organizadas por el C\u00edrculo Cultural Taurino de Osuna. Una exitosa conferencia que ofreci\u00f3 la amazona francesa, ante la afici\u00f3n ursaonense que \u00abllen\u00f3 hasta arriba\u00bb el sal\u00f3n de actos de la Casa de la Cultura de Osuna. Moder\u00f3 el acto el periodista Emilio Trigo.<\/p>\n<p>&nbsp;<\/p>\n<p>&nbsp;<\/p>\n","protected":false},"excerpt":{"rendered":"<p>L\u00e9a Vicens fue la gran protagonista del pasado martes 16 de febrero en Osuna, dentro de las jornadas culturales taurinas&#8230;<\/p>\n","protected":false},"author":4,"featured_media":797,"comment_status":"open","ping_status":"open","sticky":true,"template":"","format":"standard","meta":[],"categories":[20],"tags":[],"_links":{"self":[{"href":"https:\/\/leavicens.com\/fr_FR\/wp-json\/wp\/v2\/posts\/779"}],"collection":[{"href":"https:\/\/leavicens.com\/fr_FR\/wp-json\/wp\/v2\/posts"}],"about":[{"href":"https:\/\/leavicens.com\/fr_FR\/wp-json\/wp\/v2\/types\/post"}],"author":[{"embeddable":true,"href":"https:\/\/leavicens.com\/fr_FR\/wp-json\/wp\/v2\/users\/4"}],"replies":[{"embeddable":true,"href":"https:\/\/leavicens.com\/fr_FR\/wp-json\/wp\/v2\/comments?post=779"}],"version-history":[{"count":5,"href":"https:\/\/leavicens.com\/fr_FR\/wp-json\/wp\/v2\/posts\/779\/revisions"}],"predecessor-version":[{"id":801,"href":"https:\/\/leavicens.com\/fr_FR\/wp-json\/wp\/v2\/posts\/779\/revisions\/801"}],"wp:featuredmedia":[{"embeddable":true,"href":"https:\/\/leavicens.com\/fr_FR\/wp-json\/wp\/v2\/media\/797"}],"wp:attachment":[{"href":"https:\/\/leavicens.com\/fr_FR\/wp-json\/wp\/v2\/media?parent=779"}],"wp:term":[{"taxonomy":"category","embeddable":true,"href":"https:\/\/leavicens.com\/fr_FR\/wp-json\/wp\/v2\/categories?post=779"},{"taxonomy":"post_tag","embeddable":true,"href":"https:\/\/leavicens.com\/fr_FR\/wp-json\/wp\/v2\/tags?post=779"}],"curies":[{"name":"wp","href":"https:\/\/api.w.org\/{rel}","templated":true}]}}