{"id":8078,"date":"2019-12-19T20:31:30","date_gmt":"2019-12-19T19:31:30","guid":{"rendered":"https:\/\/leavicens.com\/?p=8078"},"modified":"2019-12-21T20:33:00","modified_gmt":"2019-12-21T19:33:00","slug":"lea-vicens-recibio-el-premio-mejor-rejoneador-del-ano-2019-en-valencia","status":"publish","type":"post","link":"https:\/\/leavicens.com\/fr_FR\/lea-vicens-recibio-el-premio-mejor-rejoneador-del-ano-2019-en-valencia\/","title":{"rendered":"L\u00c9A VICENS, RECIBI\u00d3 EL PREMIO &#8216;MEJOR REJONEADOR DEL A\u00d1O 2019 EN VALENCIA&#8217;"},"content":{"rendered":"<p style=\"text-align: justify;\">La\u00a0<strong>Diputaci\u00f3n Provincial de Valencia\u00a0<\/strong>ha albergado el pasado jueves 19 de diciembre, el acto de entrega de los premios taurinos a los triunfadores de las <strong>Ferias de Fallas y Julio de 2019.\u00a0<\/strong>El evento colg\u00f3 el cartel de \u2018no hay localidades\u2019\u00a0 en el Sal\u00f3n Alfonso el Magn\u00e1nimo del Centro Cultural La Beneficencia.<\/p>\n<p style=\"text-align: justify;\">La amazona <strong>Lea Vicens,<\/strong> recogi\u00f3 el galard\u00f3n que le acredita como la &#8216;<em><strong>Mejor Rejoneador del A\u00f1o 2019 en la Capital Valenciana&#8217;.<\/strong><\/em><\/p>\n<p style=\"text-align: justify;\"><span style=\"text-decoration: underline;\"><em>Relaci\u00f3n de Premiados:<\/em><\/span><\/p>\n<p style=\"text-align: justify;\"><strong>.- L\u00e9a Vicens:<\/strong>\u00a0<em>\u2018Mejor Rejoneador del a\u00f1o 2019 en Valencia\u2019.<\/em><\/p>\n<p style=\"text-align: justify;\">.- Roca Rey:\u00a0<em>\u2018Triunfador de Fallas\u2019.<\/em><\/p>\n<p style=\"text-align: justify;\">.- Paco Ure\u00f1a:\u00a0<em>\u2018Mejor Faena de las Fallas\u2019 y \u2018Triunfador de la Feria de Julio\u2019<\/em>.<\/p>\n<p style=\"text-align: justify;\">.- Ganader\u00eda de Luis Algarra:\u00a0<em>\u2018Premio al Mejor T<\/em>oro\u2019 y\u00a0<em>\u2018Mejor Corrida de la Feria de Julio\u2019.<\/em><\/p>\n<p style=\"text-align: justify;\">.- Borja Collado:<em>\u2018Mejor Novillero de Fallas\u2019\u00a0<\/em><strong>\u00a0<\/strong><\/p>\n<p style=\"text-align: justify;\">.- Jos\u00e9 Chac\u00f3n:\u00a0<em>\u2018Mejor Subalterno de Fallas\u2019.<\/em><\/p>\n<p style=\"text-align: justify;\">.- Fuente Ymbro:\u00a0<em>\u2018Mejor Corrida de Fallas\u2019<\/em>.<\/p>\n<p style=\"text-align: justify;\">.- Jandilla:\u00a0<em>\u2018Horroroso \u2013 Mejor Toro del Ciclo de Fallas\u2019.<\/em><\/p>\n<p style=\"text-align: justify;\">.- Curro Javier:\u00a0<em>\u2018Mejor Torero de Plata<\/em>\u00a0<em>de la Feria de Julio\u2019.<\/em><\/p>\n<p style=\"text-align: justify;\">.-\u00a0El Rafi:<strong><em>\u2018<\/em><\/strong><em>Mejor Novillero<\/em>\u00a0<em>de la<\/em>\u00a0<em>Feria de Julio\u2019.<\/em><\/p>\n<p style=\"text-align: justify;\">El acto, que estuvo presentado por los periodistas\u00a0\u00c1ngel Berlanga\u00a0y\u00a0Roc\u00edo Fern\u00e1ndez,\u00a0ha contado con la asistencia del presidente de la Diputaci\u00f3n de Valencia,\u00a0Toni Gaspar, y otras altas autoridades Civiles y Militares.<\/p>\n<p style=\"text-align: justify;\">Los alumnos de la\u00a0Escuela de Tauromaquia de Valenciatambi\u00e9n han ayudado a las autoridades a entregar las r\u00e9plicas de la escultura de \u2018Manolo Montoliu&#8217; obra de Manolo Rodr\u00edguez. El grupo\u00a0Doblecello,\u00a0ameniz\u00f3 la velada con varios pasodobles.<\/p>\n","protected":false},"excerpt":{"rendered":"<p>La\u00a0Diputaci\u00f3n Provincial de Valencia\u00a0ha albergado el pasado jueves 19 de diciembre, el acto de entrega de los premios taurinos a&#8230;<\/p>\n","protected":false},"author":4,"featured_media":8079,"comment_status":"open","ping_status":"open","sticky":true,"template":"","format":"standard","meta":[],"categories":[20,1],"tags":[],"_links":{"self":[{"href":"https:\/\/leavicens.com\/fr_FR\/wp-json\/wp\/v2\/posts\/8078"}],"collection":[{"href":"https:\/\/leavicens.com\/fr_FR\/wp-json\/wp\/v2\/posts"}],"about":[{"href":"https:\/\/leavicens.com\/fr_FR\/wp-json\/wp\/v2\/types\/post"}],"author":[{"embeddable":true,"href":"https:\/\/leavicens.com\/fr_FR\/wp-json\/wp\/v2\/users\/4"}],"replies":[{"embeddable":true,"href":"https:\/\/leavicens.com\/fr_FR\/wp-json\/wp\/v2\/comments?post=8078"}],"version-history":[{"count":1,"href":"https:\/\/leavicens.com\/fr_FR\/wp-json\/wp\/v2\/posts\/8078\/revisions"}],"predecessor-version":[{"id":8080,"href":"https:\/\/leavicens.com\/fr_FR\/wp-json\/wp\/v2\/posts\/8078\/revisions\/8080"}],"wp:featuredmedia":[{"embeddable":true,"href":"https:\/\/leavicens.com\/fr_FR\/wp-json\/wp\/v2\/media\/8079"}],"wp:attachment":[{"href":"https:\/\/leavicens.com\/fr_FR\/wp-json\/wp\/v2\/media?parent=8078"}],"wp:term":[{"taxonomy":"category","embeddable":true,"href":"https:\/\/leavicens.com\/fr_FR\/wp-json\/wp\/v2\/categories?post=8078"},{"taxonomy":"post_tag","embeddable":true,"href":"https:\/\/leavicens.com\/fr_FR\/wp-json\/wp\/v2\/tags?post=8078"}],"curies":[{"name":"wp","href":"https:\/\/api.w.org\/{rel}","templated":true}]}}