{"id":9706,"date":"2020-02-06T20:20:23","date_gmt":"2020-02-06T19:20:23","guid":{"rendered":"https:\/\/leavicens.com\/?p=9706"},"modified":"2020-02-10T14:02:44","modified_gmt":"2020-02-10T13:02:44","slug":"lea-vicens-mano-a-mano-en-la-proxima-feria-de-fallas-de-valencia","status":"publish","type":"post","link":"https:\/\/leavicens.com\/fr_FR\/lea-vicens-mano-a-mano-en-la-proxima-feria-de-fallas-de-valencia\/","title":{"rendered":"L\u00c9A VICENS, &#8216;MANO A MANO&#8217; EN LA PR\u00d3XIMA FERIA DE FALLAS DE VALENCIA"},"content":{"rendered":"<p style=\"text-align: justify;\">La empresa\u00a0<strong>Sim\u00f3n Casas Production<\/strong>\u00a0ha dado a conocer los carteles de la<strong>\u00a0Feria de Fallas 2020<\/strong>\u00a0en un acto celebrado en el\u00a0Centro Cultural de La Beneficencia. El serial, que se desarrollar\u00e1 del 8 al 19 de marzo, est\u00e1 compuesto por seis corridas de toros, dos novilladas con picadores, <strong>un festejo de rejones que se celebrar\u00e1 en el 19 de marzo en horario matinal<\/strong> y una novillada sin picadores.<\/p>\n<ul>\n<li style=\"text-align: justify;\"><span style=\"text-decoration: underline;\"><strong><em>Jueves,\u00a0 19 de marzo: <\/em><\/strong><\/span>\u00a0(11.30 h)<strong>\u00a0Lea Vicens<\/strong>\u00a0y\u00a0<strong>Guillermo Hermoso de Mendoza,<\/strong> mano a mano ante toros de <strong>Ferm\u00edn Boh\u00f3rquez.<\/strong><\/li>\n<\/ul>\n<p><a href=\"https:\/\/leavicens.com\/lvicens\/wp-content\/uploads\/2020\/02\/WhatsApp-Image-2020-02-07-at-08.37.39.jpeg\"><img loading=\"lazy\" class=\"size-medium wp-image-9709 aligncenter\" src=\"https:\/\/leavicens.com\/lvicens\/wp-content\/uploads\/2020\/02\/WhatsApp-Image-2020-02-07-at-08.37.39-159x300.jpeg\" alt=\"\" width=\"159\" height=\"300\" \/><\/a><\/p>\n","protected":false},"excerpt":{"rendered":"<p style=\"text-align: justify;\">La empresa\u00a0<strong>Sim\u00f3n Casas Production<\/strong>\u00a0ha dado a conocer los carteles de la<strong>\u00a0Feria de Fallas 2020<\/strong>\u00a0en un acto celebrado en el\u00a0Centro Cultural de La Beneficencia. El serial, que se desarrollar&#8230;<\/p>\n","protected":false},"author":4,"featured_media":9707,"comment_status":"open","ping_status":"open","sticky":true,"template":"","format":"standard","meta":[],"categories":[20,1],"tags":[],"_links":{"self":[{"href":"https:\/\/leavicens.com\/fr_FR\/wp-json\/wp\/v2\/posts\/9706"}],"collection":[{"href":"https:\/\/leavicens.com\/fr_FR\/wp-json\/wp\/v2\/posts"}],"about":[{"href":"https:\/\/leavicens.com\/fr_FR\/wp-json\/wp\/v2\/types\/post"}],"author":[{"embeddable":true,"href":"https:\/\/leavicens.com\/fr_FR\/wp-json\/wp\/v2\/users\/4"}],"replies":[{"embeddable":true,"href":"https:\/\/leavicens.com\/fr_FR\/wp-json\/wp\/v2\/comments?post=9706"}],"version-history":[{"count":3,"href":"https:\/\/leavicens.com\/fr_FR\/wp-json\/wp\/v2\/posts\/9706\/revisions"}],"predecessor-version":[{"id":9834,"href":"https:\/\/leavicens.com\/fr_FR\/wp-json\/wp\/v2\/posts\/9706\/revisions\/9834"}],"wp:featuredmedia":[{"embeddable":true,"href":"https:\/\/leavicens.com\/fr_FR\/wp-json\/wp\/v2\/media\/9707"}],"wp:attachment":[{"href":"https:\/\/leavicens.com\/fr_FR\/wp-json\/wp\/v2\/media?parent=9706"}],"wp:term":[{"taxonomy":"category","embeddable":true,"href":"https:\/\/leavicens.com\/fr_FR\/wp-json\/wp\/v2\/categories?post=9706"},{"taxonomy":"post_tag","embeddable":true,"href":"https:\/\/leavicens.com\/fr_FR\/wp-json\/wp\/v2\/tags?post=9706"}],"curies":[{"name":"wp","href":"https:\/\/api.w.org\/{rel}","templated":true}]}}