{"id":9956,"date":"2020-02-13T15:43:14","date_gmt":"2020-02-13T14:43:14","guid":{"rendered":"https:\/\/leavicens.com\/?p=9956"},"modified":"2020-02-14T20:43:56","modified_gmt":"2020-02-14T19:43:56","slug":"lea-vicens-presente-en-la-gran-feria-de-abril-2020","status":"publish","type":"post","link":"https:\/\/leavicens.com\/fr_FR\/lea-vicens-presente-en-la-gran-feria-de-abril-2020\/","title":{"rendered":"L\u00c9A VICENS, PRESENTE EN LA GRAN FERIA DE ABRIL 2020"},"content":{"rendered":"<p style=\"text-align: justify;\">La empresa<strong style=\"font-style: inherit;\">\u00a0Pag\u00e9s<\/strong>\u00a0ha presentado los carteles de la pr\u00f3xima<strong style=\"font-style: inherit;\">\u00a0Feria de Abril<\/strong>\u00a0y la\u00a0<strong style=\"font-style: inherit;\">Feria de San Miguel<\/strong>, un abono\u00a0 que arrancar\u00e1 el\u00a0<strong style=\"font-style: inherit;\">Domingo de Resurrecci\u00f3n<\/strong>\u00a0(12 de abril) y adem\u00e1s del festejo de preferia (domingo 19) se extender\u00e1 del mi\u00e9rcoles 22 de abril al domingo 3 de mayo.<\/p>\n<p style=\"text-align: justify;\">El festejo de rejones, ser\u00e1 una terna con <strong>L\u00e9a Vicens<\/strong>, <strong>Guillermo Hermoso <\/strong>y el onubense\u00a0<strong style=\"font-style: inherit;\">Andr\u00e9s Romero, <\/strong><strong>con<\/strong> \u00a0la corrida rese\u00f1ada del maestro<strong style=\"font-style: inherit;\">\u00a0Capea\u00a0<\/strong>con el hierro de\u00a0<strong style=\"font-style: inherit;\">San Pelayo<\/strong>.<\/p>\n<p><span style=\"text-decoration: underline;\"><strong><em>Domingo, 26 de abril: (18:30 horas)<\/em><\/strong><\/span><\/p>\n<p><strong><em>Toros de San Pelayo para Andr\u00e9s Romero, <span style=\"color: #0000ff;\">L\u00e9a Vicens<\/span> <\/em><\/strong><em>y<\/em><strong><em> Guillermo H. de Mendoza.<\/em><\/strong><\/p>\n<p><a href=\"https:\/\/leavicens.com\/lvicens\/wp-content\/uploads\/2020\/02\/dee9af55-0cc5-49c1-b698-253a14963844.jpg\"><img loading=\"lazy\" class=\"size-medium wp-image-9959 aligncenter\" src=\"https:\/\/leavicens.com\/lvicens\/wp-content\/uploads\/2020\/02\/dee9af55-0cc5-49c1-b698-253a14963844-170x300.jpg\" alt=\"\" width=\"170\" height=\"300\" \/><\/a><\/p>\n","protected":false},"excerpt":{"rendered":"<p style=\"text-align: justify;\">La empresa<strong style=\"font-style: inherit;\">\u00a0Pag\u00e9s<\/strong>\u00a0ha presentado los carteles de la pr\u00f3xima<strong style=\"font-style: inherit;\">\u00a0Feria de Abril<\/strong>\u00a0y la\u00a0<strong style=\"font-style: inherit;\">Feria de Sa&#8230;<\/p>\n","protected":false},"author":4,"featured_media":9958,"comment_status":"open","ping_status":"open","sticky":true,"template":"","format":"standard","meta":[],"categories":[20,1],"tags":[],"_links":{"self":[{"href":"https:\/\/leavicens.com\/fr_FR\/wp-json\/wp\/v2\/posts\/9956"}],"collection":[{"href":"https:\/\/leavicens.com\/fr_FR\/wp-json\/wp\/v2\/posts"}],"about":[{"href":"https:\/\/leavicens.com\/fr_FR\/wp-json\/wp\/v2\/types\/post"}],"author":[{"embeddable":true,"href":"https:\/\/leavicens.com\/fr_FR\/wp-json\/wp\/v2\/users\/4"}],"replies":[{"embeddable":true,"href":"https:\/\/leavicens.com\/fr_FR\/wp-json\/wp\/v2\/comments?post=9956"}],"version-history":[{"count":2,"href":"https:\/\/leavicens.com\/fr_FR\/wp-json\/wp\/v2\/posts\/9956\/revisions"}],"predecessor-version":[{"id":9961,"href":"https:\/\/leavicens.com\/fr_FR\/wp-json\/wp\/v2\/posts\/9956\/revisions\/9961"}],"wp:featuredmedia":[{"embeddable":true,"href":"https:\/\/leavicens.com\/fr_FR\/wp-json\/wp\/v2\/media\/9958"}],"wp:attachment":[{"href":"https:\/\/leavicens.com\/fr_FR\/wp-json\/wp\/v2\/media?parent=9956"}],"wp:term":[{"taxonomy":"category","embeddable":true,"href":"https:\/\/leavicens.com\/fr_FR\/wp-json\/wp\/v2\/categories?post=9956"},{"taxonomy":"post_tag","embeddable":true,"href":"https:\/\/leavicens.com\/fr_FR\/wp-json\/wp\/v2\/tags?post=9956"}],"curies":[{"name":"wp","href":"https:\/\/api.w.org\/{rel}","templated":true}]}}